{"id":9229,"date":"2024-01-01T08:30:25","date_gmt":"2024-01-01T07:30:25","guid":{"rendered":"https:\/\/enfantsdumonde.be\/test\/\/\/\/\/\/\/\/\/?p=9229"},"modified":"2024-01-01T10:04:43","modified_gmt":"2024-01-01T09:04:43","slug":"ehmf","status":"publish","type":"post","link":"https:\/\/enfantsdumonde.be\/test\/ehmf\/","title":{"rendered":"Enfant Ha\u00eftien Mon Fr\u00e8re (EHMF)"},"content":{"rendered":"\t\t<div data-elementor-type=\"wp-post\" data-elementor-id=\"9229\" class=\"elementor elementor-9229\">\n\t\t\t\t\t\t<section class=\"elementor-section elementor-top-section elementor-element elementor-element-5f8c20e elementor-section-boxed elementor-section-height-default elementor-section-height-default\" data-id=\"5f8c20e\" data-element_type=\"section\" data-e-type=\"section\">\n\t\t\t\t\t\t<div class=\"elementor-container elementor-column-gap-default\">\n\t\t\t\t\t<div class=\"elementor-column elementor-col-50 elementor-top-column elementor-element elementor-element-024884c\" data-id=\"024884c\" data-element_type=\"column\" data-e-type=\"column\">\n\t\t\t<div class=\"elementor-widget-wrap elementor-element-populated\">\n\t\t\t\t\t\t<div class=\"elementor-element elementor-element-68e6901 elementor-widget elementor-widget-image\" data-id=\"68e6901\" data-element_type=\"widget\" data-e-type=\"widget\" data-widget_type=\"image.default\">\n\t\t\t\t<div class=\"elementor-widget-container\">\n\t\t\t\t\t\t\t\t\t\t\t\t\t\t\t<img fetchpriority=\"high\" width=\"474\" height=\"640\"  class=\"attachment-large size-large wp-image-9234 lws-optimize-lazyload\" alt=\"\" srcset=\"https:\/\/enfantsdumonde.be\/test\/wp-content\/uploads\/2023\/12\/haiti-991898_640_lwsoptimized.webp 474w, https:\/\/enfantsdumonde.be\/test\/wp-content\/uploads\/2023\/12\/haiti-991898_640_lwsoptimized-222x300.webp 222w\" sizes=\"(max-width: 474px) 100vw, 474px\" \/ data-src=\"https:\/\/enfantsdumonde.be\/test\/wp-content\/uploads\/2023\/12\/haiti-991898_640_lwsoptimized.webp\">\t\t\t\t\t\t\t\t\t\t\t\t\t\t\t<\/div>\n\t\t\t\t<\/div>\n\t\t\t\t\t<\/div>\n\t\t<\/div>\n\t\t\t\t<div class=\"elementor-column elementor-col-50 elementor-top-column elementor-element elementor-element-4cca507\" data-id=\"4cca507\" data-element_type=\"column\" data-e-type=\"column\">\n\t\t\t<div class=\"elementor-widget-wrap elementor-element-populated\">\n\t\t\t\t\t\t<div class=\"elementor-element elementor-element-9c3beda elementor-widget elementor-widget-text-editor\" data-id=\"9c3beda\" data-element_type=\"widget\" data-e-type=\"widget\" data-widget_type=\"text-editor.default\">\n\t\t\t\t<div class=\"elementor-widget-container\">\n\t\t\t\t\t\t\t\t\t<p>Aux g\u00e9n\u00e9reux donateurs d\u2019Enfant Ha\u00eftien Mon Fr\u00e8re<br \/>Chers amis, donateurs d\u2019Enfant Ha\u00eftien mon Fr\u00e8re,<\/p><p>Comme vous le savez, la situation d\u2019Ha\u00efti, notre pays, a continu\u00e9 \u00e0 se d\u00e9grader. Celle que je vais vous d\u00e9crire est invraisemblable, mais bien r\u00e9elle. Toujours en \u00e9valuant le niveau de s\u00e9curit\u00e9, nous avons essay\u00e9 de tenir bon le plus longtemps possible.<\/p><p>C\u2019est ainsi qu\u2019au mois d\u2019octobre, il devenait de plus en plus difficile d\u2019approvisionner les enfants comme nous le faisions une fois par mois. Alors, les 400 marosos (enfants en situation pr\u00e9caire) sont rentr\u00e9s \u00e0 Meyer, le quartier de l\u2019orphelinat. <\/p><div id=\"ConnectiveDocSignExtentionInstalled\" data-extension-version=\"1.0.4\">\u00a0<\/div>\t\t\t\t\t\t\t\t<\/div>\n\t\t\t\t<\/div>\n\t\t\t\t\t<\/div>\n\t\t<\/div>\n\t\t\t\t\t<\/div>\n\t\t<\/section>\n\t\t\t\t<section class=\"elementor-section elementor-top-section elementor-element elementor-element-fcbf327 elementor-section-boxed elementor-section-height-default elementor-section-height-default\" data-id=\"fcbf327\" data-element_type=\"section\" data-e-type=\"section\">\n\t\t\t\t\t\t<div class=\"elementor-container elementor-column-gap-default\">\n\t\t\t\t\t<div class=\"elementor-column elementor-col-100 elementor-top-column elementor-element elementor-element-ed19129\" data-id=\"ed19129\" data-element_type=\"column\" data-e-type=\"column\">\n\t\t\t<div class=\"elementor-widget-wrap elementor-element-populated\">\n\t\t\t\t\t\t<div class=\"elementor-element elementor-element-f438572 elementor-widget elementor-widget-text-editor\" data-id=\"f438572\" data-element_type=\"widget\" data-e-type=\"widget\" data-widget_type=\"text-editor.default\">\n\t\t\t\t<div class=\"elementor-widget-container\">\n\t\t\t\t\t\t\t\t\t<p>D\u00e8s cet instant, l\u2019ins\u00e9curit\u00e9 est mont\u00e9e d\u2019un cran. L\u2019\u00e9cole, qui \u00e9tait ouverte, a \u00e9t\u00e9 referm\u00e9e\u00a0; le transport en commun s\u2019est interrompu. Nous avons commenc\u00e9 \u00e0 organiser le d\u00e9placement de notre monde. Nous \u00e9tions tr\u00e8s inquiets que ces bandes criminelles ne fassent du tort aux enfants ou \u00e0 notre personnel, comme ce fut le cas pour les Sal\u00e9siennes, dont un employ\u00e9 fut battu et un autre mis \u00e0 mort.<\/p><p>Le d\u00e9part fut organis\u00e9 avec le personnel pour se rendre ailleurs. Cela s\u2019est fait en deux groupes\u00a0: un groupe de 15 personnes le 14 octobre et le dernier groupe, aussi de 15 personnes le 16. Dans ce dernier convoi, nous avions Johann et Edwardson qui sont en chaises roulantes. Nos h\u00e9ros ont march\u00e9 \u00e0 travers champs, les chaises roulantes \u00e9taient port\u00e9es \u00e0 tour de r\u00f4le, marche rapide en silence pour ne pas \u00e9veiller l\u2019attention des bandits qui ne veulent pas que les gens quittent la zone. Nos enfants et les employ\u00e9s ont march\u00e9 une heure pour arriver \u00e0 Bon Repos o\u00f9 notre chauffeur les attendait. Ce fut un grand suspense pour nous et beaucoup de peur pour eux.<\/p><p>\u00a0Depuis le 16 octobre, les enfants et les employ\u00e9s sont h\u00e9berg\u00e9s \u00e0 l\u2019avenue Christophe. Ils se sentent un peu plus en s\u00e9curit\u00e9, les enfants sont tristes d\u2019avoir laiss\u00e9 leur logis, leur \u00e9cole et leurs amis. Maintenant ils font face au grand d\u00e9fi de la r\u00e9installation. Ils manquent de tout, mais nous faisons de notre mieux.<\/p><p>Pour comble de malheur, au d\u00e9part des enfants, nous avons laiss\u00e9 sur place l\u2019\u00e9quipe de S\u00e9curit\u00e9 pour surveiller nos installations, mais malheureusement, elle a d\u00fb fuir \u00e0 l\u2019arriv\u00e9e des bandits proches du site. Donc depuis le 6 novembre, personne n\u2019ose y retourner parce que c\u2019est trop dangereux et nous ne savons pas ce que deviendront nos installations. Le drame qui se joue en Ha\u00efti pr\u00e9sentement d\u00e9passe l\u2019entendement et des crimes se passent chaque jour dans la grande indiff\u00e9rence du gouvernement ha\u00eftien et des m\u00e9dias internationaux. Nous ne faisons qu\u2019esp\u00e9rer la paix et des jours meilleurs pour notre cher pays et notre peuple.<\/p><p>Nous profitons de cette occasion pour dire un grand merci \u00e0 tous nos g\u00e9n\u00e9reux donateurs, tous ceux qui se sont toujours d\u00e9vou\u00e9s \u00e0 la cause des enfants d\u2019Enfant Ha\u00eftien Mon Fr\u00e8re. Nous et les enfants, nous vous serons toujours reconnaissants.<\/p><p style=\"text-align: right;\">Rose-Marie Lafontant, directrice d\u2019Enfant Ha\u00eftien Mon Fr\u00e8re<br \/>novembre 2023<\/p><div id=\"ConnectiveDocSignExtentionInstalled\" data-extension-version=\"1.0.4\">\u00a0<\/div>\t\t\t\t\t\t\t\t<\/div>\n\t\t\t\t<\/div>\n\t\t\t\t\t<\/div>\n\t\t<\/div>\n\t\t\t\t\t<\/div>\n\t\t<\/section>\n\t\t\t\t<\/div>\n\t\t","protected":false},"excerpt":{"rendered":"<p>Aux g\u00e9n\u00e9reux donateurs d\u2019Enfant Ha\u00eftien Mon Fr\u00e8re Chers amis, donateurs d\u2019Enfant Ha\u00eftien mon Fr\u00e8re, Comme vous le savez, la situation d\u2019Ha\u00efti, notre pays, a continu\u00e9 \u00e0 se d\u00e9grader. Celle que je vais vous d\u00e9crire est invraisemblable, mais bien r\u00e9elle. Toujours en \u00e9valuant le niveau de s\u00e9curit\u00e9, nous avons essay\u00e9 de tenir bon le plus longtemps [&hellip;]<\/p>\n","protected":false},"author":5,"featured_media":9234,"comment_status":"closed","ping_status":"open","sticky":false,"template":"","format":"standard","meta":{"ocean_post_layout":"","ocean_both_sidebars_style":"","ocean_both_sidebars_content_width":0,"ocean_both_sidebars_sidebars_width":0,"ocean_sidebar":"","ocean_second_sidebar":"","ocean_disable_margins":"enable","ocean_add_body_class":"","ocean_shortcode_before_top_bar":"","ocean_shortcode_after_top_bar":"","ocean_shortcode_before_header":"","ocean_shortcode_after_header":"","ocean_has_shortcode":"","ocean_shortcode_after_title":"","ocean_shortcode_before_footer_widgets":"","ocean_shortcode_after_footer_widgets":"","ocean_shortcode_before_footer_bottom":"","ocean_shortcode_after_footer_bottom":"","ocean_display_top_bar":"default","ocean_display_header":"default","ocean_header_style":"","ocean_center_header_left_menu":"","ocean_custom_header_template":"","ocean_custom_logo":0,"ocean_custom_retina_logo":0,"ocean_custom_logo_max_width":0,"ocean_custom_logo_tablet_max_width":0,"ocean_custom_logo_mobile_max_width":0,"ocean_custom_logo_max_height":0,"ocean_custom_logo_tablet_max_height":0,"ocean_custom_logo_mobile_max_height":0,"ocean_header_custom_menu":"","ocean_menu_typo_font_family":"","ocean_menu_typo_font_subset":"","ocean_menu_typo_font_size":0,"ocean_menu_typo_font_size_tablet":0,"ocean_menu_typo_font_size_mobile":0,"ocean_menu_typo_font_size_unit":"px","ocean_menu_typo_font_weight":"","ocean_menu_typo_font_weight_tablet":"","ocean_menu_typo_font_weight_mobile":"","ocean_menu_typo_transform":"","ocean_menu_typo_transform_tablet":"","ocean_menu_typo_transform_mobile":"","ocean_menu_typo_line_height":0,"ocean_menu_typo_line_height_tablet":0,"ocean_menu_typo_line_height_mobile":0,"ocean_menu_typo_line_height_unit":"","ocean_menu_typo_spacing":0,"ocean_menu_typo_spacing_tablet":0,"ocean_menu_typo_spacing_mobile":0,"ocean_menu_typo_spacing_unit":"","ocean_menu_link_color":"","ocean_menu_link_color_hover":"","ocean_menu_link_color_active":"","ocean_menu_link_background":"","ocean_menu_link_hover_background":"","ocean_menu_link_active_background":"","ocean_menu_social_links_bg":"","ocean_menu_social_hover_links_bg":"","ocean_menu_social_links_color":"","ocean_menu_social_hover_links_color":"","ocean_disable_title":"default","ocean_disable_heading":"default","ocean_post_title":"","ocean_post_subheading":"","ocean_post_title_style":"","ocean_post_title_background_color":"","ocean_post_title_background":0,"ocean_post_title_bg_image_position":"","ocean_post_title_bg_image_attachment":"","ocean_post_title_bg_image_repeat":"","ocean_post_title_bg_image_size":"","ocean_post_title_height":0,"ocean_post_title_bg_overlay":0.5,"ocean_post_title_bg_overlay_color":"","ocean_disable_breadcrumbs":"default","ocean_breadcrumbs_color":"","ocean_breadcrumbs_separator_color":"","ocean_breadcrumbs_links_color":"","ocean_breadcrumbs_links_hover_color":"","ocean_display_footer_widgets":"default","ocean_display_footer_bottom":"default","ocean_custom_footer_template":"","ocean_post_oembed":"","ocean_post_self_hosted_media":"","ocean_post_video_embed":"","ocean_link_format":"","ocean_link_format_target":"self","ocean_quote_format":"","ocean_quote_format_link":"post","ocean_gallery_link_images":"on","ocean_gallery_id":[],"footnotes":""},"categories":[95],"tags":[],"class_list":["post-9229","post","type-post","status-publish","format-standard","has-post-thumbnail","hentry","category-nouvelles","entry","has-media"],"aioseo_notices":[],"_links":{"self":[{"href":"https:\/\/enfantsdumonde.be\/test\/wp-json\/wp\/v2\/posts\/9229","targetHints":{"allow":["GET"]}}],"collection":[{"href":"https:\/\/enfantsdumonde.be\/test\/wp-json\/wp\/v2\/posts"}],"about":[{"href":"https:\/\/enfantsdumonde.be\/test\/wp-json\/wp\/v2\/types\/post"}],"author":[{"embeddable":true,"href":"https:\/\/enfantsdumonde.be\/test\/wp-json\/wp\/v2\/users\/5"}],"replies":[{"embeddable":true,"href":"https:\/\/enfantsdumonde.be\/test\/wp-json\/wp\/v2\/comments?post=9229"}],"version-history":[{"count":0,"href":"https:\/\/enfantsdumonde.be\/test\/wp-json\/wp\/v2\/posts\/9229\/revisions"}],"wp:featuredmedia":[{"embeddable":true,"href":"https:\/\/enfantsdumonde.be\/test\/wp-json\/wp\/v2\/media\/9234"}],"wp:attachment":[{"href":"https:\/\/enfantsdumonde.be\/test\/wp-json\/wp\/v2\/media?parent=9229"}],"wp:term":[{"taxonomy":"category","embeddable":true,"href":"https:\/\/enfantsdumonde.be\/test\/wp-json\/wp\/v2\/categories?post=9229"},{"taxonomy":"post_tag","embeddable":true,"href":"https:\/\/enfantsdumonde.be\/test\/wp-json\/wp\/v2\/tags?post=9229"}],"curies":[{"name":"wp","href":"https:\/\/api.w.org\/{rel}","templated":true}]}}