{"id":6625,"date":"2022-01-31T18:10:51","date_gmt":"2022-01-31T17:10:51","guid":{"rendered":"https:\/\/enfantsdumonde.be\/test\/\/\/\/\/\/\/\/\/?p=6625"},"modified":"2022-01-31T18:15:05","modified_gmt":"2022-01-31T17:15:05","slug":"journee-mariemont","status":"publish","type":"post","link":"https:\/\/enfantsdumonde.be\/test\/journee-mariemont\/","title":{"rendered":"Journ\u00e9e \u00e0 Mariemont"},"content":{"rendered":"\t\t<div data-elementor-type=\"wp-post\" data-elementor-id=\"6625\" class=\"elementor elementor-6625\">\n\t\t\t\t\t\t<section class=\"elementor-section elementor-top-section elementor-element elementor-element-cf8da47 elementor-section-boxed elementor-section-height-default elementor-section-height-default\" data-id=\"cf8da47\" data-element_type=\"section\" data-e-type=\"section\">\n\t\t\t\t\t\t<div class=\"elementor-container elementor-column-gap-default\">\n\t\t\t\t\t<div class=\"elementor-column elementor-col-100 elementor-top-column elementor-element elementor-element-f39655c\" data-id=\"f39655c\" data-element_type=\"column\" data-e-type=\"column\">\n\t\t\t<div class=\"elementor-widget-wrap elementor-element-populated\">\n\t\t\t\t\t\t<div class=\"elementor-element elementor-element-6057eff elementor-widget elementor-widget-text-editor\" data-id=\"6057eff\" data-element_type=\"widget\" data-e-type=\"widget\" data-widget_type=\"text-editor.default\">\n\t\t\t\t<div class=\"elementor-widget-container\">\n\t\t\t\t\t\t\t\t\t<p>Le temps n\u2019\u00e9tait pas au rendez-vous, mais le soleil illuminait les c\u0153urs\u00a0: rendez-vous \u00e9tait donn\u00e9, \u00e0 tous les membres qui pouvaient se lib\u00e9rer le 29 janvier, au mus\u00e9e royal de Mariemont\u00a0!<\/p><p>L\u2019objectif \u00e9tait multiple\u00a0: tout d\u2019abord (et surtout) le grand plaisir de se retrouver en ce d\u00e9but d\u2019ann\u00e9e, nous qui travaillons si souvent pour Enfants du Monde ou notre Maison dans la solitude de nos foyers. Ensuite, d\u00e9couvrir le parc de Mariemont, puis d\u00eener ensemble \u00e0 la brasserie pour enfin, profiter de l\u2019exposition d\u00e9di\u00e9e \u00e0 Mithra et organis\u00e9e par le Mus\u00e9e jusqu\u2019au 17 avril.<\/p><div id=\"ConnectiveDocSignExtentionInstalled\" data-extension-version=\"1.0.4\">\u00a0<\/div>\t\t\t\t\t\t\t\t<\/div>\n\t\t\t\t<\/div>\n\t\t\t\t\t<\/div>\n\t\t<\/div>\n\t\t\t\t\t<\/div>\n\t\t<\/section>\n\t\t\t\t<section class=\"elementor-section elementor-top-section elementor-element elementor-element-4880bf3 elementor-section-boxed elementor-section-height-default elementor-section-height-default\" data-id=\"4880bf3\" data-element_type=\"section\" data-e-type=\"section\">\n\t\t\t\t\t\t<div class=\"elementor-container elementor-column-gap-default\">\n\t\t\t\t\t<div class=\"elementor-column elementor-col-100 elementor-top-column elementor-element elementor-element-e873ab1\" data-id=\"e873ab1\" data-element_type=\"column\" data-e-type=\"column\">\n\t\t\t<div class=\"elementor-widget-wrap elementor-element-populated\">\n\t\t\t\t\t\t<div class=\"elementor-element elementor-element-f67ca5c elementor-widget elementor-widget-image\" data-id=\"f67ca5c\" data-element_type=\"widget\" data-e-type=\"widget\" data-widget_type=\"image.default\">\n\t\t\t\t<div class=\"elementor-widget-container\">\n\t\t\t\t\t\t\t\t\t\t\t\t\t\t\t<img fetchpriority=\"high\" width=\"963\" height=\"709\"  class=\"attachment-large size-large wp-image-6627 lws-optimize-lazyload\" alt=\"\" srcset=\"https:\/\/enfantsdumonde.be\/test\/wp-content\/uploads\/2022\/01\/mariemont-edm_lwsoptimized.webp 963w, https:\/\/enfantsdumonde.be\/test\/wp-content\/uploads\/2022\/01\/mariemont-edm_lwsoptimized-300x221.webp 300w, https:\/\/enfantsdumonde.be\/test\/wp-content\/uploads\/2022\/01\/mariemont-edm_lwsoptimized-768x565.webp 768w\" sizes=\"(max-width: 963px) 100vw, 963px\" \/ data-src=\"https:\/\/enfantsdumonde.be\/test\/wp-content\/uploads\/2022\/01\/mariemont-edm_lwsoptimized.webp\">\t\t\t\t\t\t\t\t\t\t\t\t\t\t\t<\/div>\n\t\t\t\t<\/div>\n\t\t\t\t\t<\/div>\n\t\t<\/div>\n\t\t\t\t\t<\/div>\n\t\t<\/section>\n\t\t\t\t<section class=\"elementor-section elementor-top-section elementor-element elementor-element-f5152ca elementor-section-boxed elementor-section-height-default elementor-section-height-default\" data-id=\"f5152ca\" data-element_type=\"section\" data-e-type=\"section\">\n\t\t\t\t\t\t<div class=\"elementor-container elementor-column-gap-default\">\n\t\t\t\t\t<div class=\"elementor-column elementor-col-100 elementor-top-column elementor-element elementor-element-88949be\" data-id=\"88949be\" data-element_type=\"column\" data-e-type=\"column\">\n\t\t\t<div class=\"elementor-widget-wrap elementor-element-populated\">\n\t\t\t\t\t\t<div class=\"elementor-element elementor-element-ec6cbfe elementor-widget elementor-widget-text-editor\" data-id=\"ec6cbfe\" data-element_type=\"widget\" data-e-type=\"widget\" data-widget_type=\"text-editor.default\">\n\t\t\t\t<div class=\"elementor-widget-container\">\n\t\t\t\t\t\t\t\t\t<p>L\u2019avant-midi fut donc consacr\u00e9 \u00e0 la balade au fil des arbres centenaires, dont une quarantaine d\u2019arbres remarquables, parmi les fontaines et les sculptures peuplant le magnifique parc \u00e0 l\u2019anglaise, class\u00e9 au patrimoine. Nous ne pouvions rater la photo prise devant les Bourgeois de Calais, une sculpture r\u00e9put\u00e9e de Rodin. Mariemont peut en effet s\u2019enorgueillir d\u2019en poss\u00e9der l\u2019une des rares au monde, \u00e9galant ainsi Paris, Calais bien entendu, mais aussi Copenhague, Londres, Philadelphie, B\u00e2le, Washington, Tokyo, Pasadena, New-York et S\u00e9oul.<\/p><p>Malgr\u00e9 la petite bruine persistante, cette balade a d\u00e9j\u00e0 \u00e9t\u00e9 l\u2019occasion d\u2019\u00e9changes et surtout de mieux conna\u00eetre les responsables de maison qui ne font pas partie du CA. Cette premi\u00e8re journ\u00e9e a ainsi montr\u00e9 tout son int\u00e9r\u00eat pour en motiver une nouvelle, sous un ciel plus cl\u00e9ment.<\/p><p>A midi, nous nous sommes retrouv\u00e9s avec Maud, Jean-Pierre Richoux et Charles Navez \u00e0 la Brasserie La Terrasse de Mariemont pour un repas anim\u00e9 et bien sympathique.<\/p>\t\t\t\t\t\t\t\t<\/div>\n\t\t\t\t<\/div>\n\t\t\t\t\t<\/div>\n\t\t<\/div>\n\t\t\t\t\t<\/div>\n\t\t<\/section>\n\t\t\t\t<section class=\"elementor-section elementor-top-section elementor-element elementor-element-5c47134 elementor-section-boxed elementor-section-height-default elementor-section-height-default\" data-id=\"5c47134\" data-element_type=\"section\" data-e-type=\"section\">\n\t\t\t\t\t\t<div class=\"elementor-container elementor-column-gap-default\">\n\t\t\t\t\t<div class=\"elementor-column elementor-col-100 elementor-top-column elementor-element elementor-element-c1923fa\" data-id=\"c1923fa\" data-element_type=\"column\" data-e-type=\"column\">\n\t\t\t<div class=\"elementor-widget-wrap elementor-element-populated\">\n\t\t\t\t\t\t\t<\/div>\n\t\t<\/div>\n\t\t\t\t\t<\/div>\n\t\t<\/section>\n\t\t\t\t<section class=\"elementor-section elementor-top-section elementor-element elementor-element-ba7cc43 elementor-section-boxed elementor-section-height-default elementor-section-height-default\" data-id=\"ba7cc43\" data-element_type=\"section\" data-e-type=\"section\">\n\t\t\t\t\t\t<div class=\"elementor-container elementor-column-gap-default\">\n\t\t\t\t\t<div class=\"elementor-column elementor-col-100 elementor-top-column elementor-element elementor-element-4718525\" data-id=\"4718525\" data-element_type=\"column\" data-e-type=\"column\">\n\t\t\t<div class=\"elementor-widget-wrap elementor-element-populated\">\n\t\t\t\t\t\t<div class=\"elementor-element elementor-element-69ce6da elementor-widget elementor-widget-text-editor\" data-id=\"69ce6da\" data-element_type=\"widget\" data-e-type=\"widget\" data-widget_type=\"text-editor.default\">\n\t\t\t\t<div class=\"elementor-widget-container\">\n\t\t\t\t\t\t\t\t\t<p>L\u2019apr\u00e8s-midi \u00e9tait d\u00e9di\u00e9e \u00e0 une visite guid\u00e9e, ax\u00e9e sur le culte de Mithra, un culte indo-iranien qui se r\u00e9pandit dans tout l\u2019empire romain pour finalement dispara\u00eetre en 391 avec le d\u00e9cret de Th\u00e9odose.<\/p><p>Malheureusement, pas assez de temps pour visiter le mus\u00e9e permanent de Mariemont, pourtant remarquable, fait d\u2019objets rassembl\u00e9s au fil de ses voyages par Raoul Warocqu\u00e9 et l\u00e9gu\u00e9 par ce dernier \u00e0 l\u2019\u00c9tat belge\u2026 donc aussi \u00e0 nous, pour notre plus grand plaisir.<\/p><p>Nous nous sommes quitt\u00e9s ravis, pr\u00eats \u00e0 remettre le couvert plus tard, sous de meilleures conditions climatiques.<\/p><p style=\"text-align: right;\">Fran\u00e7oise Minor<\/p><div id=\"ConnectiveDocSignExtentionInstalled\" data-extension-version=\"1.0.4\">\u00a0<\/div>\t\t\t\t\t\t\t\t<\/div>\n\t\t\t\t<\/div>\n\t\t\t\t\t<\/div>\n\t\t<\/div>\n\t\t\t\t\t<\/div>\n\t\t<\/section>\n\t\t\t\t<\/div>\n\t\t","protected":false},"excerpt":{"rendered":"<p>Le temps n\u2019\u00e9tait pas au rendez-vous, mais le soleil illuminait les c\u0153urs&nbsp;: rendez-vous \u00e9tait donn\u00e9, \u00e0 tous les membres qui pouvaient se lib\u00e9rer le 29 janvier, au mus\u00e9e royal de Mariemont&nbsp;! L\u2019objectif \u00e9tait multiple&nbsp;: tout d\u2019abord (et surtout) le grand plaisir de se retrouver en ce d\u00e9but d\u2019ann\u00e9e, nous qui travaillons si souvent pour Enfants [&hellip;]<\/p>\n","protected":false},"author":5,"featured_media":6627,"comment_status":"closed","ping_status":"open","sticky":false,"template":"","format":"standard","meta":{"ocean_post_layout":"","ocean_both_sidebars_style":"","ocean_both_sidebars_content_width":0,"ocean_both_sidebars_sidebars_width":0,"ocean_sidebar":"","ocean_second_sidebar":"","ocean_disable_margins":"enable","ocean_add_body_class":"","ocean_shortcode_before_top_bar":"","ocean_shortcode_after_top_bar":"","ocean_shortcode_before_header":"","ocean_shortcode_after_header":"","ocean_has_shortcode":"","ocean_shortcode_after_title":"","ocean_shortcode_before_footer_widgets":"","ocean_shortcode_after_footer_widgets":"","ocean_shortcode_before_footer_bottom":"","ocean_shortcode_after_footer_bottom":"","ocean_display_top_bar":"default","ocean_display_header":"default","ocean_header_style":"","ocean_center_header_left_menu":"","ocean_custom_header_template":"","ocean_custom_logo":0,"ocean_custom_retina_logo":0,"ocean_custom_logo_max_width":0,"ocean_custom_logo_tablet_max_width":0,"ocean_custom_logo_mobile_max_width":0,"ocean_custom_logo_max_height":0,"ocean_custom_logo_tablet_max_height":0,"ocean_custom_logo_mobile_max_height":0,"ocean_header_custom_menu":"","ocean_menu_typo_font_family":"","ocean_menu_typo_font_subset":"","ocean_menu_typo_font_size":0,"ocean_menu_typo_font_size_tablet":0,"ocean_menu_typo_font_size_mobile":0,"ocean_menu_typo_font_size_unit":"px","ocean_menu_typo_font_weight":"","ocean_menu_typo_font_weight_tablet":"","ocean_menu_typo_font_weight_mobile":"","ocean_menu_typo_transform":"","ocean_menu_typo_transform_tablet":"","ocean_menu_typo_transform_mobile":"","ocean_menu_typo_line_height":0,"ocean_menu_typo_line_height_tablet":0,"ocean_menu_typo_line_height_mobile":0,"ocean_menu_typo_line_height_unit":"","ocean_menu_typo_spacing":0,"ocean_menu_typo_spacing_tablet":0,"ocean_menu_typo_spacing_mobile":0,"ocean_menu_typo_spacing_unit":"","ocean_menu_link_color":"","ocean_menu_link_color_hover":"","ocean_menu_link_color_active":"","ocean_menu_link_background":"","ocean_menu_link_hover_background":"","ocean_menu_link_active_background":"","ocean_menu_social_links_bg":"","ocean_menu_social_hover_links_bg":"","ocean_menu_social_links_color":"","ocean_menu_social_hover_links_color":"","ocean_disable_title":"default","ocean_disable_heading":"default","ocean_post_title":"","ocean_post_subheading":"","ocean_post_title_style":"","ocean_post_title_background_color":"","ocean_post_title_background":0,"ocean_post_title_bg_image_position":"","ocean_post_title_bg_image_attachment":"","ocean_post_title_bg_image_repeat":"","ocean_post_title_bg_image_size":"","ocean_post_title_height":0,"ocean_post_title_bg_overlay":0.5,"ocean_post_title_bg_overlay_color":"","ocean_disable_breadcrumbs":"default","ocean_breadcrumbs_color":"","ocean_breadcrumbs_separator_color":"","ocean_breadcrumbs_links_color":"","ocean_breadcrumbs_links_hover_color":"","ocean_display_footer_widgets":"default","ocean_display_footer_bottom":"default","ocean_custom_footer_template":"","ocean_post_oembed":"","ocean_post_self_hosted_media":"","ocean_post_video_embed":"","ocean_link_format":"","ocean_link_format_target":"self","ocean_quote_format":"","ocean_quote_format_link":"post","ocean_gallery_link_images":"on","ocean_gallery_id":[],"footnotes":""},"categories":[6,27],"tags":[],"class_list":["post-6625","post","type-post","status-publish","format-standard","has-post-thumbnail","hentry","category-evenements","category-non-classe-fr","entry","has-media"],"aioseo_notices":[],"_links":{"self":[{"href":"https:\/\/enfantsdumonde.be\/test\/wp-json\/wp\/v2\/posts\/6625","targetHints":{"allow":["GET"]}}],"collection":[{"href":"https:\/\/enfantsdumonde.be\/test\/wp-json\/wp\/v2\/posts"}],"about":[{"href":"https:\/\/enfantsdumonde.be\/test\/wp-json\/wp\/v2\/types\/post"}],"author":[{"embeddable":true,"href":"https:\/\/enfantsdumonde.be\/test\/wp-json\/wp\/v2\/users\/5"}],"replies":[{"embeddable":true,"href":"https:\/\/enfantsdumonde.be\/test\/wp-json\/wp\/v2\/comments?post=6625"}],"version-history":[{"count":0,"href":"https:\/\/enfantsdumonde.be\/test\/wp-json\/wp\/v2\/posts\/6625\/revisions"}],"wp:featuredmedia":[{"embeddable":true,"href":"https:\/\/enfantsdumonde.be\/test\/wp-json\/wp\/v2\/media\/6627"}],"wp:attachment":[{"href":"https:\/\/enfantsdumonde.be\/test\/wp-json\/wp\/v2\/media?parent=6625"}],"wp:term":[{"taxonomy":"category","embeddable":true,"href":"https:\/\/enfantsdumonde.be\/test\/wp-json\/wp\/v2\/categories?post=6625"},{"taxonomy":"post_tag","embeddable":true,"href":"https:\/\/enfantsdumonde.be\/test\/wp-json\/wp\/v2\/tags?post=6625"}],"curies":[{"name":"wp","href":"https:\/\/api.w.org\/{rel}","templated":true}]}}