{"id":13233,"date":"2026-04-25T19:38:04","date_gmt":"2026-04-25T17:38:04","guid":{"rendered":"https:\/\/enfantsdumonde.be\/test\/?p=13233"},"modified":"2026-04-27T15:30:10","modified_gmt":"2026-04-27T13:30:10","slug":"ag-2026","status":"publish","type":"post","link":"https:\/\/enfantsdumonde.be\/test\/ag-2026\/","title":{"rendered":"Assembl\u00e9e g\u00e9n\u00e9rale du 18 avril 2026"},"content":{"rendered":"\t\t<div data-elementor-type=\"wp-post\" data-elementor-id=\"13233\" class=\"elementor elementor-13233\">\n\t\t\t\t\t\t<section class=\"elementor-section elementor-top-section elementor-element elementor-element-e96c3a9 elementor-section-boxed elementor-section-height-default elementor-section-height-default\" data-id=\"e96c3a9\" data-element_type=\"section\" data-e-type=\"section\">\n\t\t\t\t\t\t<div class=\"elementor-container elementor-column-gap-default\">\n\t\t\t\t\t<div class=\"elementor-column elementor-col-100 elementor-top-column elementor-element elementor-element-ab3ba08\" data-id=\"ab3ba08\" data-element_type=\"column\" data-e-type=\"column\">\n\t\t\t<div class=\"elementor-widget-wrap elementor-element-populated\">\n\t\t\t\t\t\t<div class=\"elementor-element elementor-element-1bffad6 elementor-widget elementor-widget-image\" data-id=\"1bffad6\" data-element_type=\"widget\" data-e-type=\"widget\" data-widget_type=\"image.default\">\n\t\t\t\t<div class=\"elementor-widget-container\">\n\t\t\t\t\t\t\t\t\t\t\t\t\t\t\t\t<a href=\"https:\/\/enfantsdumonde.be\/wp-content\/uploads\/2026\/04\/EDM-AG-2026-membres.avif\" data-elementor-open-lightbox=\"yes\" data-elementor-lightbox-title=\"EDM AG 2026-membres\" data-e-action-hash=\"#elementor-action%3Aaction%3Dlightbox%26settings%3DeyJpZCI6MTMyODYsInVybCI6Imh0dHBzOlwvXC9lbmZhbnRzZHVtb25kZS5iZVwvdGVzdFwvd3AtY29udGVudFwvdXBsb2Fkc1wvMjAyNlwvMDRcL0VETS1BRy0yMDI2LW1lbWJyZXMuYXZpZiJ9\">\n\t\t\t\t\t\t\t<img fetchpriority=\"high\" width=\"1024\" height=\"512\"  class=\"attachment-large size-large wp-image-13286 lws-optimize-lazyload\" alt=\"\" \/ data-src=\"https:\/\/enfantsdumonde.be\/test\/wp-content\/uploads\/2026\/04\/EDM-AG-2026-membres.avif\">\t\t\t\t\t\t\t\t<\/a>\n\t\t\t\t\t\t\t\t\t\t\t\t\t\t\t<\/div>\n\t\t\t\t<\/div>\n\t\t\t\t\t<\/div>\n\t\t<\/div>\n\t\t\t\t\t<\/div>\n\t\t<\/section>\n\t\t\t\t<section class=\"elementor-section elementor-top-section elementor-element elementor-element-ab88702 elementor-section-boxed elementor-section-height-default elementor-section-height-default\" data-id=\"ab88702\" data-element_type=\"section\" data-e-type=\"section\">\n\t\t\t\t\t\t<div class=\"elementor-container elementor-column-gap-default\">\n\t\t\t\t\t<div class=\"elementor-column elementor-col-100 elementor-top-column elementor-element elementor-element-83f4e08\" data-id=\"83f4e08\" data-element_type=\"column\" data-e-type=\"column\">\n\t\t\t<div class=\"elementor-widget-wrap elementor-element-populated\">\n\t\t\t\t\t\t<div class=\"elementor-element elementor-element-7f68392 elementor-widget elementor-widget-text-editor\" data-id=\"7f68392\" data-element_type=\"widget\" data-e-type=\"widget\" data-widget_type=\"text-editor.default\">\n\t\t\t\t<div class=\"elementor-widget-container\">\n\t\t\t\t\t\t\t\t\t<p>L\u2019assembl\u00e9e g\u00e9n\u00e9rale statutaire de ce samedi 18 avril 2026 a clos un chapitre de l\u2019histoire quinquag\u00e9naire de notre ASBL et ouvert de nouvelles pages \u00e0 \u00e9crire.<\/p><p><strong>Fran\u00e7oise Minor a remis son mandat de pr\u00e9sidente \u00e0 Catherine Lebeau<\/strong>, d\u00e9sign\u00e9e pour lui succ\u00e9der, ce m\u00eame jour, par l\u2019organe d\u2019administration.<\/p>\t\t\t\t\t\t\t\t<\/div>\n\t\t\t\t<\/div>\n\t\t\t\t\t<\/div>\n\t\t<\/div>\n\t\t\t\t\t<\/div>\n\t\t<\/section>\n\t\t\t\t<section class=\"elementor-section elementor-top-section elementor-element elementor-element-fec35ed elementor-section-boxed elementor-section-height-default elementor-section-height-default\" data-id=\"fec35ed\" data-element_type=\"section\" data-e-type=\"section\">\n\t\t\t\t\t\t<div class=\"elementor-container elementor-column-gap-default\">\n\t\t\t\t\t<div class=\"elementor-column elementor-col-100 elementor-top-column elementor-element elementor-element-f688e0c\" data-id=\"f688e0c\" data-element_type=\"column\" data-e-type=\"column\">\n\t\t\t<div class=\"elementor-widget-wrap elementor-element-populated\">\n\t\t\t\t\t\t<div class=\"elementor-element elementor-element-d91581a elementor-widget elementor-widget-image\" data-id=\"d91581a\" data-element_type=\"widget\" data-e-type=\"widget\" data-widget_type=\"image.default\">\n\t\t\t\t<div class=\"elementor-widget-container\">\n\t\t\t\t\t\t\t\t\t\t\t\t<figure class=\"wp-caption\">\n\t\t\t\t\t\t\t\t\t\t\t<a href=\"https:\/\/enfantsdumonde.be\/test\/wp-content\/uploads\/2026\/04\/OA-sortant.avif\" data-elementor-open-lightbox=\"yes\" data-elementor-lightbox-title=\"OA sortant\" data-e-action-hash=\"#elementor-action%3Aaction%3Dlightbox%26settings%3DeyJpZCI6MTMyNjgsInVybCI6Imh0dHBzOlwvXC9lbmZhbnRzZHVtb25kZS5iZVwvdGVzdFwvd3AtY29udGVudFwvdXBsb2Fkc1wvMjAyNlwvMDRcL09BLXNvcnRhbnQuYXZpZiJ9\">\n\t\t\t\t\t\t\t<img width=\"1024\" height=\"577\"  class=\"attachment-large size-large wp-image-13268 lws-optimize-lazyload\" alt=\"\" \/ data-src=\"https:\/\/enfantsdumonde.be\/test\/wp-content\/uploads\/2026\/04\/OA-sortant.avif\">\t\t\t\t\t\t\t\t<\/a>\n\t\t\t\t\t\t\t\t\t\t\t<figcaption class=\"widget-image-caption wp-caption-text\">L'\u00e9quipe \"sortante\" lors de l'AG<\/figcaption>\n\t\t\t\t\t\t\t\t\t\t<\/figure>\n\t\t\t\t\t\t\t\t\t<\/div>\n\t\t\t\t<\/div>\n\t\t\t\t\t<\/div>\n\t\t<\/div>\n\t\t\t\t\t<\/div>\n\t\t<\/section>\n\t\t\t\t<section class=\"elementor-section elementor-top-section elementor-element elementor-element-ca6bd62 elementor-section-boxed elementor-section-height-default elementor-section-height-default\" data-id=\"ca6bd62\" data-element_type=\"section\" data-e-type=\"section\">\n\t\t\t\t\t\t<div class=\"elementor-container elementor-column-gap-default\">\n\t\t\t\t\t<div class=\"elementor-column elementor-col-66 elementor-top-column elementor-element elementor-element-a745f46\" data-id=\"a745f46\" data-element_type=\"column\" data-e-type=\"column\">\n\t\t\t<div class=\"elementor-widget-wrap elementor-element-populated\">\n\t\t\t\t\t\t<div class=\"elementor-element elementor-element-d62a5d3 elementor-widget elementor-widget-text-editor\" data-id=\"d62a5d3\" data-element_type=\"widget\" data-e-type=\"widget\" data-widget_type=\"text-editor.default\">\n\t\t\t\t<div class=\"elementor-widget-container\">\n\t\t\t\t\t\t\t\t\t<p>En nommant Fran\u00e7oise \u00e0 ce r\u00f4le en 2016, les membres connaissaient sa pugnacit\u00e9 \u00e0 atteindre les objectifs fix\u00e9s par nos statuts qui r\u00e9gissent la diaspora d\u2019Enfants du Monde, belge et d\u2019outre-mer. Ils furent nombreux et inattendus. D\u2019embl\u00e9e, sa premi\u00e8re ann\u00e9e de pr\u00e9sidence la confronta \u00e0 un d\u00e9fi majeur\u00a0: d\u00e9fendre notre agr\u00e9ment. L\u2019administration fiscale venait en effet de le r\u00e9duire de six \u00e0 quatre ans, imposant de nouvelles exigences strictes dans le suivi de nos dossiers, les limitant aux pays reconnus par la Belgique. D\u00e9cision qui mit fin \u00e0 nos dons envers plusieurs pays, dont la Cor\u00e9e du Sud. La <strong>r\u00e9daction annuelle de rapports structur\u00e9s<\/strong>, r\u00e9dig\u00e9s par les responsables des maisons, devait d\u00e8s lors permettre une corr\u00e9lation minutieuse entre les dons, leurs usages et la comptabilit\u00e9.<\/p>\t\t\t\t\t\t\t\t<\/div>\n\t\t\t\t<\/div>\n\t\t\t\t<div class=\"elementor-element elementor-element-9824b13 elementor-widget elementor-widget-text-editor\" data-id=\"9824b13\" data-element_type=\"widget\" data-e-type=\"widget\" data-widget_type=\"text-editor.default\">\n\t\t\t\t<div class=\"elementor-widget-container\">\n\t\t\t\t\t\t\t\t\t<p>Ce volumineux dossier initial fut constitu\u00e9 essentiellement par Fran\u00e7oise et Robert (son mari, devenu tr\u00e9sorier les ann\u00e9es suivantes) et conclut \u00e0 un nouvel agr\u00e9ment de six ans. Sur base de la m\u00eame rigueur, il a \u00e9t\u00e9 renouvel\u00e9 pour la m\u00eame p\u00e9riode en 2024, projetant ainsi l\u2019ASBL jusqu\u2019en 2030.<\/p><p>Par ailleurs, les \u00e9volutions impos\u00e9es aux ASBL ont entrain\u00e9, apr\u00e8s m\u00fbre r\u00e9flexion, <strong>l\u2019adaptation de nos statuts, ainsi que la mise en conformit\u00e9 avec le RGPD<\/strong> (R\u00e8glement g\u00e9n\u00e9ral sur la protection des donn\u00e9es), point r\u00e9current de nombreuses r\u00e9unions.<\/p>\t\t\t\t\t\t\t\t<\/div>\n\t\t\t\t<\/div>\n\t\t\t\t\t<\/div>\n\t\t<\/div>\n\t\t\t\t<div class=\"elementor-column elementor-col-33 elementor-top-column elementor-element elementor-element-f92c62f\" data-id=\"f92c62f\" data-element_type=\"column\" data-e-type=\"column\">\n\t\t\t<div class=\"elementor-widget-wrap elementor-element-populated\">\n\t\t\t\t\t\t<div class=\"elementor-element elementor-element-d569f61 elementor-widget elementor-widget-image\" data-id=\"d569f61\" data-element_type=\"widget\" data-e-type=\"widget\" data-widget_type=\"image.default\">\n\t\t\t\t<div class=\"elementor-widget-container\">\n\t\t\t\t\t\t\t\t\t\t\t\t<figure class=\"wp-caption\">\n\t\t\t\t\t\t\t\t\t\t\t<a href=\"https:\/\/enfantsdumonde.be\/test\/wp-content\/uploads\/2026\/04\/EDM-AG-2026-16.avif\" data-elementor-open-lightbox=\"yes\" data-elementor-lightbox-title=\"EDM AG 2026 - 16\" data-e-action-hash=\"#elementor-action%3Aaction%3Dlightbox%26settings%3DeyJpZCI6MTMyNDYsInVybCI6Imh0dHBzOlwvXC9lbmZhbnRzZHVtb25kZS5iZVwvdGVzdFwvd3AtY29udGVudFwvdXBsb2Fkc1wvMjAyNlwvMDRcL0VETS1BRy0yMDI2LTE2LmF2aWYifQ%3D%3D\">\n\t\t\t\t\t\t\t<img width=\"203\" height=\"360\"  class=\"attachment-thumbnail size-thumbnail wp-image-13246 lws-optimize-lazyload\" alt=\"\" \/ data-src=\"https:\/\/enfantsdumonde.be\/test\/wp-content\/uploads\/2026\/04\/EDM-AG-2026-16.avif\">\t\t\t\t\t\t\t\t<\/a>\n\t\t\t\t\t\t\t\t\t\t\t<figcaption class=\"widget-image-caption wp-caption-text\">Fran\u00e7oise lit sa carte de remerciements des membres<\/figcaption>\n\t\t\t\t\t\t\t\t\t\t<\/figure>\n\t\t\t\t\t\t\t\t\t<\/div>\n\t\t\t\t<\/div>\n\t\t\t\t\t<\/div>\n\t\t<\/div>\n\t\t\t\t\t<\/div>\n\t\t<\/section>\n\t\t\t\t<section class=\"elementor-section elementor-top-section elementor-element elementor-element-f777ac4 elementor-section-boxed elementor-section-height-default elementor-section-height-default\" data-id=\"f777ac4\" data-element_type=\"section\" data-e-type=\"section\">\n\t\t\t\t\t\t<div class=\"elementor-container elementor-column-gap-default\">\n\t\t\t\t\t<div class=\"elementor-column elementor-col-100 elementor-top-column elementor-element elementor-element-0796a87\" data-id=\"0796a87\" data-element_type=\"column\" data-e-type=\"column\">\n\t\t\t<div class=\"elementor-widget-wrap elementor-element-populated\">\n\t\t\t\t\t\t<div class=\"elementor-element elementor-element-2daa835 elementor-widget elementor-widget-text-editor\" data-id=\"2daa835\" data-element_type=\"widget\" data-e-type=\"widget\" data-widget_type=\"text-editor.default\">\n\t\t\t\t<div class=\"elementor-widget-container\">\n\t\t\t\t\t\t\t\t\t<p>L\u2019irruption de l\u2019\u00e9pid\u00e9mie de Covid a \u00e9t\u00e9 l\u2019opportunit\u00e9 d\u2019engager Enfants du Monde plus en profondeur dans l\u2019outil informatique. Si les premi\u00e8res visioconf\u00e9rences ont permis de maintenir le lien r\u00e9gulier entre les administrateurs, ce fut surtout la cr\u00e9ation du \u00ab\u00a0Drive\u00a0\u00bb, plate-forme informatique s\u00e9curis\u00e9e structurant l\u2019ensemble des dossiers importants de notre ASBL, qui permet \u00e0 pr\u00e9sent d\u2019acc\u00e9der aux fichiers en quelques clics.<\/p>\t\t\t\t\t\t\t\t<\/div>\n\t\t\t\t<\/div>\n\t\t\t\t\t<\/div>\n\t\t<\/div>\n\t\t\t\t\t<\/div>\n\t\t<\/section>\n\t\t\t\t<section class=\"elementor-section elementor-top-section elementor-element elementor-element-7153688 elementor-section-boxed elementor-section-height-default elementor-section-height-default\" data-id=\"7153688\" data-element_type=\"section\" data-e-type=\"section\">\n\t\t\t\t\t\t<div class=\"elementor-container elementor-column-gap-default\">\n\t\t\t\t\t<div class=\"elementor-column elementor-col-100 elementor-top-column elementor-element elementor-element-5b58df7\" data-id=\"5b58df7\" data-element_type=\"column\" data-e-type=\"column\">\n\t\t\t<div class=\"elementor-widget-wrap elementor-element-populated\">\n\t\t\t\t\t\t<div class=\"elementor-element elementor-element-c156825 elementor-widget elementor-widget-text-editor\" data-id=\"c156825\" data-element_type=\"widget\" data-e-type=\"widget\" data-widget_type=\"text-editor.default\">\n\t\t\t\t<div class=\"elementor-widget-container\">\n\t\t\t\t\t\t\t\t\t<p>Travail titanesque, accompli essentiellement par Fran\u00e7oise pour y transf\u00e9rer tous nos classeurs jusqu\u2019aux archives de nos journaux depuis 2012\u00a0et nos comptes-rendus de conseils d\u2019administration. Que d\u2019\u00e9tag\u00e8res lib\u00e9r\u00e9es, mais combien d\u2019innombrables heures consacr\u00e9es \u00e0 scanner des milliers de documents, aujourd\u2019hui sources inestimables d\u2019informations accessibles partout par nos responsables.<\/p>\t\t\t\t\t\t\t\t<\/div>\n\t\t\t\t<\/div>\n\t\t\t\t\t<\/div>\n\t\t<\/div>\n\t\t\t\t\t<\/div>\n\t\t<\/section>\n\t\t\t\t<section class=\"elementor-section elementor-top-section elementor-element elementor-element-178dcfb elementor-section-boxed elementor-section-height-default elementor-section-height-default\" data-id=\"178dcfb\" data-element_type=\"section\" data-e-type=\"section\">\n\t\t\t\t\t\t<div class=\"elementor-container elementor-column-gap-default\">\n\t\t\t\t\t<div class=\"elementor-column elementor-col-100 elementor-top-column elementor-element elementor-element-f355303\" data-id=\"f355303\" data-element_type=\"column\" data-e-type=\"column\">\n\t\t\t<div class=\"elementor-widget-wrap elementor-element-populated\">\n\t\t\t\t\t\t<div class=\"elementor-element elementor-element-dd7f309 elementor-widget elementor-widget-text-editor\" data-id=\"dd7f309\" data-element_type=\"widget\" data-e-type=\"widget\" data-widget_type=\"text-editor.default\">\n\t\t\t\t<div class=\"elementor-widget-container\">\n\t\t\t\t\t\t\t\t\t<p>Dans le m\u00eame esprit, un autre chantier important a \u00e9t\u00e9 men\u00e9 : celui de <strong>renforcer le fonctionnement collectif de notre organe d\u2019administration<\/strong>. Au fil des ann\u00e9es, une v\u00e9ritable dynamique d\u2019\u00e9quipe s\u2019est mise en place, favorisant la concertation et le partage des responsabilit\u00e9s. Les d\u00e9cisions se prennent d\u00e9sormais de mani\u00e8re coll\u00e9giale, dans un esprit de confiance et d\u2019engagement commun.<\/p>\t\t\t\t\t\t\t\t<\/div>\n\t\t\t\t<\/div>\n\t\t\t\t\t<\/div>\n\t\t<\/div>\n\t\t\t\t\t<\/div>\n\t\t<\/section>\n\t\t\t\t<section class=\"elementor-section elementor-top-section elementor-element elementor-element-2512b49 elementor-section-boxed elementor-section-height-default elementor-section-height-default\" data-id=\"2512b49\" data-element_type=\"section\" data-e-type=\"section\">\n\t\t\t\t\t\t<div class=\"elementor-container elementor-column-gap-default\">\n\t\t\t\t\t<div class=\"elementor-column elementor-col-100 elementor-top-column elementor-element elementor-element-2a6e749\" data-id=\"2a6e749\" data-element_type=\"column\" data-e-type=\"column\">\n\t\t\t<div class=\"elementor-widget-wrap elementor-element-populated\">\n\t\t\t\t\t\t<div class=\"elementor-element elementor-element-6359dc1 elementor-widget elementor-widget-image\" data-id=\"6359dc1\" data-element_type=\"widget\" data-e-type=\"widget\" data-widget_type=\"image.default\">\n\t\t\t\t<div class=\"elementor-widget-container\">\n\t\t\t\t\t\t\t\t\t\t\t\t\t\t\t\t<a href=\"https:\/\/enfantsdumonde.be\/test\/wp-content\/uploads\/2026\/04\/Merci-Fr-Rob.avif\" data-elementor-open-lightbox=\"yes\" data-elementor-lightbox-title=\"Merci Fr Rob\" data-e-action-hash=\"#elementor-action%3Aaction%3Dlightbox%26settings%3DeyJpZCI6MTMyNzIsInVybCI6Imh0dHBzOlwvXC9lbmZhbnRzZHVtb25kZS5iZVwvdGVzdFwvd3AtY29udGVudFwvdXBsb2Fkc1wvMjAyNlwvMDRcL01lcmNpLUZyLVJvYi5hdmlmIn0%3D\">\n\t\t\t\t\t\t\t<img loading=\"lazy\" width=\"1024\" height=\"576\"  class=\"attachment-large size-large wp-image-13272 lws-optimize-lazyload\" alt=\"\" \/ data-src=\"https:\/\/enfantsdumonde.be\/test\/wp-content\/uploads\/2026\/04\/Merci-Fr-Rob.avif\">\t\t\t\t\t\t\t\t<\/a>\n\t\t\t\t\t\t\t\t\t\t\t\t\t\t\t<\/div>\n\t\t\t\t<\/div>\n\t\t\t\t\t<\/div>\n\t\t<\/div>\n\t\t\t\t\t<\/div>\n\t\t<\/section>\n\t\t\t\t<section class=\"elementor-section elementor-top-section elementor-element elementor-element-5aeae94 elementor-section-boxed elementor-section-height-default elementor-section-height-default\" data-id=\"5aeae94\" data-element_type=\"section\" data-e-type=\"section\">\n\t\t\t\t\t\t<div class=\"elementor-container elementor-column-gap-default\">\n\t\t\t\t\t<div class=\"elementor-column elementor-col-100 elementor-top-column elementor-element elementor-element-db81679\" data-id=\"db81679\" data-element_type=\"column\" data-e-type=\"column\">\n\t\t\t<div class=\"elementor-widget-wrap elementor-element-populated\">\n\t\t\t\t\t\t<div class=\"elementor-element elementor-element-820f9e3 elementor-widget elementor-widget-text-editor\" data-id=\"820f9e3\" data-element_type=\"widget\" data-e-type=\"widget\" data-widget_type=\"text-editor.default\">\n\t\t\t\t<div class=\"elementor-widget-container\">\n\t\t\t\t\t\t\t\t\t<p>Bien s\u00fbr, il ne faut pas omettre le quotidien, qui exclut toute routine\u00a0: l\u2019acharnement \u00e0 obtenir les rapports, le rappel des exigences, l\u2019insistance \u00e0 recruter de nouveaux membres&#8230;\u00a0\u00a0\u00a0\u00a0\u00a0\u00a0\u00a0\u00a0\u00a0\u00a0\u00a0\u00a0\u00a0\u00a0\u00a0\u00a0<\/p><p style=\"text-align: center;\">Ces lignes ne peuvent tout refl\u00e9ter.<\/p><p>Digne successeure de Charles Flohimont, pleinement investie dans sa fonction, Fran\u00e7oise c\u00e8de \u00e0 Catherine <strong>une ASBL, honor\u00e9e du titre de Royale, pr\u00e9par\u00e9e pour demain<\/strong>.\u00a0\u00a0\u00a0\u00a0\u00a0\u00a0\u00a0\u00a0\u00a0\u00a0<\/p>\t\t\t\t\t\t\t\t<\/div>\n\t\t\t\t<\/div>\n\t\t\t\t\t<\/div>\n\t\t<\/div>\n\t\t\t\t\t<\/div>\n\t\t<\/section>\n\t\t\t\t<section class=\"elementor-section elementor-top-section elementor-element elementor-element-d5731ac elementor-section-boxed elementor-section-height-default elementor-section-height-default\" data-id=\"d5731ac\" data-element_type=\"section\" data-e-type=\"section\">\n\t\t\t\t\t\t<div class=\"elementor-container elementor-column-gap-default\">\n\t\t\t\t\t<div class=\"elementor-column elementor-col-100 elementor-top-column elementor-element elementor-element-177527a\" data-id=\"177527a\" data-element_type=\"column\" data-e-type=\"column\">\n\t\t\t<div class=\"elementor-widget-wrap elementor-element-populated\">\n\t\t\t\t\t\t<div class=\"elementor-element elementor-element-32c6ccf elementor-widget elementor-widget-text-editor\" data-id=\"32c6ccf\" data-element_type=\"widget\" data-e-type=\"widget\" data-widget_type=\"text-editor.default\">\n\t\t\t\t<div class=\"elementor-widget-container\">\n\t\t\t\t\t\t\t\t\t<p>Chaleureusement et amicalement remerci\u00e9e par toute l\u2019assembl\u00e9e, nous ne doutons pas que d\u2019Afrique et d\u2019Asie jailliront d\u2019autres remerciements.<\/p>\t\t\t\t\t\t\t\t<\/div>\n\t\t\t\t<\/div>\n\t\t\t\t\t<\/div>\n\t\t<\/div>\n\t\t\t\t\t<\/div>\n\t\t<\/section>\n\t\t\t\t<\/div>\n\t\t","protected":false},"excerpt":{"rendered":"<p>L\u2019assembl\u00e9e g\u00e9n\u00e9rale statutaire de ce samedi 18 avril 2026 a clos un chapitre de l\u2019histoire quinquag\u00e9naire de notre ASBL et ouvert de nouvelles pages \u00e0 \u00e9crire. Fran\u00e7oise Minor a remis son mandat de pr\u00e9sidente \u00e0 Catherine Lebeau, d\u00e9sign\u00e9e pour lui succ\u00e9der, ce m\u00eame jour, par l\u2019organe d\u2019administration. L&rsquo;\u00e9quipe \u00ab\u00a0sortante\u00a0\u00bb lors de l&rsquo;AG En nommant Fran\u00e7oise [&hellip;]<\/p>\n","protected":false},"author":5,"featured_media":0,"comment_status":"closed","ping_status":"closed","sticky":false,"template":"","format":"standard","meta":{"ocean_post_layout":"","ocean_both_sidebars_style":"","ocean_both_sidebars_content_width":0,"ocean_both_sidebars_sidebars_width":0,"ocean_sidebar":"","ocean_second_sidebar":"","ocean_disable_margins":"enable","ocean_add_body_class":"","ocean_shortcode_before_top_bar":"","ocean_shortcode_after_top_bar":"","ocean_shortcode_before_header":"","ocean_shortcode_after_header":"","ocean_has_shortcode":"","ocean_shortcode_after_title":"","ocean_shortcode_before_footer_widgets":"","ocean_shortcode_after_footer_widgets":"","ocean_shortcode_before_footer_bottom":"","ocean_shortcode_after_footer_bottom":"","ocean_display_top_bar":"default","ocean_display_header":"default","ocean_header_style":"","ocean_center_header_left_menu":"","ocean_custom_header_template":"","ocean_custom_logo":0,"ocean_custom_retina_logo":0,"ocean_custom_logo_max_width":0,"ocean_custom_logo_tablet_max_width":0,"ocean_custom_logo_mobile_max_width":0,"ocean_custom_logo_max_height":0,"ocean_custom_logo_tablet_max_height":0,"ocean_custom_logo_mobile_max_height":0,"ocean_header_custom_menu":"","ocean_menu_typo_font_family":"","ocean_menu_typo_font_subset":"","ocean_menu_typo_font_size":0,"ocean_menu_typo_font_size_tablet":0,"ocean_menu_typo_font_size_mobile":0,"ocean_menu_typo_font_size_unit":"px","ocean_menu_typo_font_weight":"","ocean_menu_typo_font_weight_tablet":"","ocean_menu_typo_font_weight_mobile":"","ocean_menu_typo_transform":"","ocean_menu_typo_transform_tablet":"","ocean_menu_typo_transform_mobile":"","ocean_menu_typo_line_height":0,"ocean_menu_typo_line_height_tablet":0,"ocean_menu_typo_line_height_mobile":0,"ocean_menu_typo_line_height_unit":"","ocean_menu_typo_spacing":0,"ocean_menu_typo_spacing_tablet":0,"ocean_menu_typo_spacing_mobile":0,"ocean_menu_typo_spacing_unit":"","ocean_menu_link_color":"","ocean_menu_link_color_hover":"","ocean_menu_link_color_active":"","ocean_menu_link_background":"","ocean_menu_link_hover_background":"","ocean_menu_link_active_background":"","ocean_menu_social_links_bg":"","ocean_menu_social_hover_links_bg":"","ocean_menu_social_links_color":"","ocean_menu_social_hover_links_color":"","ocean_disable_title":"default","ocean_disable_heading":"default","ocean_post_title":"","ocean_post_subheading":"","ocean_post_title_style":"","ocean_post_title_background_color":"","ocean_post_title_background":0,"ocean_post_title_bg_image_position":"","ocean_post_title_bg_image_attachment":"","ocean_post_title_bg_image_repeat":"","ocean_post_title_bg_image_size":"","ocean_post_title_height":0,"ocean_post_title_bg_overlay":0.5,"ocean_post_title_bg_overlay_color":"","ocean_disable_breadcrumbs":"default","ocean_breadcrumbs_color":"","ocean_breadcrumbs_separator_color":"","ocean_breadcrumbs_links_color":"","ocean_breadcrumbs_links_hover_color":"","ocean_display_footer_widgets":"default","ocean_display_footer_bottom":"default","ocean_custom_footer_template":"","ocean_post_oembed":"","ocean_post_self_hosted_media":"","ocean_post_video_embed":"","ocean_link_format":"","ocean_link_format_target":"self","ocean_quote_format":"","ocean_quote_format_link":"post","ocean_gallery_link_images":"on","ocean_gallery_id":[],"footnotes":""},"categories":[95],"tags":[],"class_list":["post-13233","post","type-post","status-publish","format-standard","hentry","category-nouvelles","entry"],"aioseo_notices":[],"_links":{"self":[{"href":"https:\/\/enfantsdumonde.be\/test\/wp-json\/wp\/v2\/posts\/13233","targetHints":{"allow":["GET"]}}],"collection":[{"href":"https:\/\/enfantsdumonde.be\/test\/wp-json\/wp\/v2\/posts"}],"about":[{"href":"https:\/\/enfantsdumonde.be\/test\/wp-json\/wp\/v2\/types\/post"}],"author":[{"embeddable":true,"href":"https:\/\/enfantsdumonde.be\/test\/wp-json\/wp\/v2\/users\/5"}],"replies":[{"embeddable":true,"href":"https:\/\/enfantsdumonde.be\/test\/wp-json\/wp\/v2\/comments?post=13233"}],"version-history":[{"count":5,"href":"https:\/\/enfantsdumonde.be\/test\/wp-json\/wp\/v2\/posts\/13233\/revisions"}],"predecessor-version":[{"id":13293,"href":"https:\/\/enfantsdumonde.be\/test\/wp-json\/wp\/v2\/posts\/13233\/revisions\/13293"}],"wp:attachment":[{"href":"https:\/\/enfantsdumonde.be\/test\/wp-json\/wp\/v2\/media?parent=13233"}],"wp:term":[{"taxonomy":"category","embeddable":true,"href":"https:\/\/enfantsdumonde.be\/test\/wp-json\/wp\/v2\/categories?post=13233"},{"taxonomy":"post_tag","embeddable":true,"href":"https:\/\/enfantsdumonde.be\/test\/wp-json\/wp\/v2\/tags?post=13233"}],"curies":[{"name":"wp","href":"https:\/\/api.w.org\/{rel}","templated":true}]}}