{"id":13075,"date":"2026-03-25T18:41:11","date_gmt":"2026-03-25T17:41:11","guid":{"rendered":"https:\/\/enfantsdumonde.be\/test\/?p=13075"},"modified":"2026-03-25T19:14:48","modified_gmt":"2026-03-25T18:14:48","slug":"edm-cherche-relais","status":"publish","type":"post","link":"https:\/\/enfantsdumonde.be\/test\/edm-cherche-relais\/","title":{"rendered":"EDM cherche des relais"},"content":{"rendered":"\t\t<div data-elementor-type=\"wp-post\" data-elementor-id=\"13075\" class=\"elementor elementor-13075\">\n\t\t\t\t\t\t<section class=\"elementor-section elementor-top-section elementor-element elementor-element-93a5952 elementor-section-boxed elementor-section-height-default elementor-section-height-default\" data-id=\"93a5952\" data-element_type=\"section\" data-e-type=\"section\">\n\t\t\t\t\t\t<div class=\"elementor-container elementor-column-gap-default\">\n\t\t\t\t\t<div class=\"elementor-column elementor-col-100 elementor-top-column elementor-element elementor-element-61579c2\" data-id=\"61579c2\" data-element_type=\"column\" data-e-type=\"column\">\n\t\t\t<div class=\"elementor-widget-wrap elementor-element-populated\">\n\t\t\t\t\t\t<div class=\"elementor-element elementor-element-c7f41f2 elementor-widget elementor-widget-text-editor\" data-id=\"c7f41f2\" data-element_type=\"widget\" data-e-type=\"widget\" data-widget_type=\"text-editor.default\">\n\t\t\t\t<div class=\"elementor-widget-container\">\n\t\t\t\t\t\t\t\t\t<p>Tout commence souvent par une rencontre, un message. Un mail venu d\u2019Afrique. Une photo envoy\u00e9e depuis Ha\u00efti. Un bulletin scolaire qui annonce une r\u00e9ussite.<\/p><p>Et derri\u00e8re ces messages, il y a une histoire : celle d\u2019un enfant qui peut aller \u00e0 l\u2019\u00e9cole, manger \u00e0 sa faim, apprendre un m\u00e9tier\u2026 parce que quelque part, en Belgique, des b\u00e9n\u00e9voles ont d\u00e9cid\u00e9 de s\u2019engager et des donateurs de les soutenir.<\/p>\t\t\t\t\t\t\t\t<\/div>\n\t\t\t\t<\/div>\n\t\t\t\t\t<\/div>\n\t\t<\/div>\n\t\t\t\t\t<\/div>\n\t\t<\/section>\n\t\t\t\t<section class=\"elementor-section elementor-top-section elementor-element elementor-element-111ac3d elementor-section-boxed elementor-section-height-default elementor-section-height-default\" data-id=\"111ac3d\" data-element_type=\"section\" data-e-type=\"section\">\n\t\t\t\t\t\t<div class=\"elementor-container elementor-column-gap-default\">\n\t\t\t\t\t<div class=\"elementor-column elementor-col-100 elementor-top-column elementor-element elementor-element-5c8382a\" data-id=\"5c8382a\" data-element_type=\"column\" data-e-type=\"column\">\n\t\t\t<div class=\"elementor-widget-wrap elementor-element-populated\">\n\t\t\t\t\t\t<div class=\"elementor-element elementor-element-96cc77b elementor-widget elementor-widget-text-editor\" data-id=\"96cc77b\" data-element_type=\"widget\" data-e-type=\"widget\" data-widget_type=\"text-editor.default\">\n\t\t\t\t<div class=\"elementor-widget-container\">\n\t\t\t\t\t\t\t\t\t<p>Depuis plus de 50 ans, Enfants du Monde Belgique accompagne des enfants et des jeunes dans des pays en d\u00e9veloppement. Aujourd\u2019hui, gr\u00e2ce aux bourses d\u2019\u00e9tudes et aux projets soutenus par notre association, pr\u00e8s de 3.000 enfants peuvent aller \u00e0 l\u2019\u00e9cole et construire peu \u00e0 peu leur avenir. Mais une association comme la n\u00f4tre repose sur quelque chose de simple, pas tr\u00e8s \u00ab\u00a0visible\u00a0\u00bb\u00a0: des femmes et des hommes en Belgique qui acceptent de prendre le relais.<\/p>\t\t\t\t\t\t\t\t<\/div>\n\t\t\t\t<\/div>\n\t\t\t\t\t<\/div>\n\t\t<\/div>\n\t\t\t\t\t<\/div>\n\t\t<\/section>\n\t\t\t\t<section class=\"elementor-section elementor-top-section elementor-element elementor-element-0ec6b46 elementor-section-boxed elementor-section-height-default elementor-section-height-default\" data-id=\"0ec6b46\" data-element_type=\"section\" data-e-type=\"section\">\n\t\t\t\t\t\t<div class=\"elementor-container elementor-column-gap-default\">\n\t\t\t\t\t<div class=\"elementor-column elementor-col-100 elementor-top-column elementor-element elementor-element-ba1d026\" data-id=\"ba1d026\" data-element_type=\"column\" data-e-type=\"column\">\n\t\t\t<div class=\"elementor-widget-wrap elementor-element-populated\">\n\t\t\t\t\t\t<div class=\"elementor-element elementor-element-11024c5 elementor-widget elementor-widget-heading\" data-id=\"11024c5\" data-element_type=\"widget\" data-e-type=\"widget\" data-widget_type=\"heading.default\">\n\t\t\t\t<div class=\"elementor-widget-container\">\n\t\t\t\t\t<h2 class=\"elementor-heading-title elementor-size-default\">Nous lan\u00e7ons donc un appel...<\/h2>\t\t\t\t<\/div>\n\t\t\t\t<\/div>\n\t\t\t\t\t<\/div>\n\t\t<\/div>\n\t\t\t\t\t<\/div>\n\t\t<\/section>\n\t\t\t\t<section class=\"elementor-section elementor-top-section elementor-element elementor-element-a908b26 elementor-section-boxed elementor-section-height-default elementor-section-height-default\" data-id=\"a908b26\" data-element_type=\"section\" data-e-type=\"section\">\n\t\t\t\t\t\t<div class=\"elementor-container elementor-column-gap-default\">\n\t\t\t\t\t<div class=\"elementor-column elementor-col-50 elementor-top-column elementor-element elementor-element-565c0cb\" data-id=\"565c0cb\" data-element_type=\"column\" data-e-type=\"column\">\n\t\t\t<div class=\"elementor-widget-wrap elementor-element-populated\">\n\t\t\t\t\t\t<div class=\"elementor-element elementor-element-5e3868b elementor-widget elementor-widget-image\" data-id=\"5e3868b\" data-element_type=\"widget\" data-e-type=\"widget\" data-widget_type=\"image.default\">\n\t\t\t\t<div class=\"elementor-widget-container\">\n\t\t\t\t\t\t\t\t\t\t\t\t\t\t\t<img fetchpriority=\"high\" width=\"383\" height=\"256\"  class=\"attachment-large size-large wp-image-13077 lws-optimize-lazyload\" alt=\"\" srcset=\"https:\/\/enfantsdumonde.be\/test\/wp-content\/uploads\/2026\/03\/appel-relais.webp 383w, https:\/\/enfantsdumonde.be\/test\/wp-content\/uploads\/2026\/03\/appel-relais-300x201.webp 300w\" sizes=\"(max-width: 383px) 100vw, 383px\" \/ data-src=\"https:\/\/enfantsdumonde.be\/test\/wp-content\/uploads\/2026\/03\/appel-relais.webp\">\t\t\t\t\t\t\t\t\t\t\t\t\t\t\t<\/div>\n\t\t\t\t<\/div>\n\t\t\t\t\t<\/div>\n\t\t<\/div>\n\t\t\t\t<div class=\"elementor-column elementor-col-50 elementor-top-column elementor-element elementor-element-4f8cf04\" data-id=\"4f8cf04\" data-element_type=\"column\" data-e-type=\"column\">\n\t\t\t<div class=\"elementor-widget-wrap elementor-element-populated\">\n\t\t\t\t\t\t<div class=\"elementor-element elementor-element-2c68ffd elementor-widget elementor-widget-text-editor\" data-id=\"2c68ffd\" data-element_type=\"widget\" data-e-type=\"widget\" data-widget_type=\"text-editor.default\">\n\t\t\t\t<div class=\"elementor-widget-container\">\n\t\t\t\t\t\t\t\t\t<p><strong>&#8230; et si vous preniez le relais d\u2019une maison ?<\/strong><\/p><p>\u00catre <strong>responsable d\u2019une maison<\/strong>, c\u2019est une aventure humaine. Ce n\u2019est pas g\u00e9rer un bureau \u00e0 distance. C\u2019est <strong>cr\u00e9er un lien<\/strong> avec un orphelinat au Rwanda ou une \u00e9quipe scolaire en Ha\u00efti. Un lien avec des responsables locaux qui r\u00eavent simplement de sortir des enfants de la mis\u00e8re.<\/p>\t\t\t\t\t\t\t\t<\/div>\n\t\t\t\t<\/div>\n\t\t\t\t\t<\/div>\n\t\t<\/div>\n\t\t\t\t\t<\/div>\n\t\t<\/section>\n\t\t\t\t<section class=\"elementor-section elementor-top-section elementor-element elementor-element-e9b9efd elementor-section-boxed elementor-section-height-default elementor-section-height-default\" data-id=\"e9b9efd\" data-element_type=\"section\" data-e-type=\"section\">\n\t\t\t\t\t\t<div class=\"elementor-container elementor-column-gap-default\">\n\t\t\t\t\t<div class=\"elementor-column elementor-col-100 elementor-top-column elementor-element elementor-element-4055b23\" data-id=\"4055b23\" data-element_type=\"column\" data-e-type=\"column\">\n\t\t\t<div class=\"elementor-widget-wrap elementor-element-populated\">\n\t\t\t\t\t\t<div class=\"elementor-element elementor-element-44ad033 elementor-widget elementor-widget-heading\" data-id=\"44ad033\" data-element_type=\"widget\" data-e-type=\"widget\" data-widget_type=\"heading.default\">\n\t\t\t\t<div class=\"elementor-widget-container\">\n\t\t\t\t\t<h2 class=\"elementor-heading-title elementor-size-default\">Responsable de maison<\/h2>\t\t\t\t<\/div>\n\t\t\t\t<\/div>\n\t\t\t\t\t<\/div>\n\t\t<\/div>\n\t\t\t\t\t<\/div>\n\t\t<\/section>\n\t\t\t\t<section class=\"elementor-section elementor-top-section elementor-element elementor-element-3af177f elementor-section-boxed elementor-section-height-default elementor-section-height-default\" data-id=\"3af177f\" data-element_type=\"section\" data-e-type=\"section\">\n\t\t\t\t\t\t<div class=\"elementor-container elementor-column-gap-default\">\n\t\t\t\t\t<div class=\"elementor-column elementor-col-100 elementor-top-column elementor-element elementor-element-d8ffe2e\" data-id=\"d8ffe2e\" data-element_type=\"column\" data-e-type=\"column\">\n\t\t\t<div class=\"elementor-widget-wrap elementor-element-populated\">\n\t\t\t\t\t\t<div class=\"elementor-element elementor-element-5a6accc elementor-widget elementor-widget-text-editor\" data-id=\"5a6accc\" data-element_type=\"widget\" data-e-type=\"widget\" data-widget_type=\"text-editor.default\">\n\t\t\t\t<div class=\"elementor-widget-container\">\n\t\t\t\t\t\t\t\t\t<p>Concr\u00e8tement, ce r\u00f4le consiste \u00e0 <strong>garder le contact<\/strong> avec le responsable local, suivre les bourses d\u2019\u00e9tudes des enfants ou des \u00e9tudiants, transmettre des nouvelles aux parrains et marraines, relayer les besoins ou les r\u00e9ussites aupr\u00e8s d\u2019Enfants du Monde et r\u00e9pondre aux besoins administratifs (r\u00e9duits) d\u2019EDM.<\/p><p>C\u2019est un r\u00f4le autonome, mais jamais solitaire : un petit guide existe, et toute l\u2019\u00e9quipe est l\u00e0 pour accompagner les nouveaux responsables. Et surtout, c\u2019est une mission pleine de sens. Parce que derri\u00e8re chaque dossier, il y a un enfant.<\/p>\t\t\t\t\t\t\t\t<\/div>\n\t\t\t\t<\/div>\n\t\t\t\t\t<\/div>\n\t\t<\/div>\n\t\t\t\t\t<\/div>\n\t\t<\/section>\n\t\t\t\t<section class=\"elementor-section elementor-top-section elementor-element elementor-element-20f481b elementor-section-boxed elementor-section-height-default elementor-section-height-default\" data-id=\"20f481b\" data-element_type=\"section\" data-e-type=\"section\">\n\t\t\t\t\t\t<div class=\"elementor-container elementor-column-gap-default\">\n\t\t\t\t\t<div class=\"elementor-column elementor-col-100 elementor-top-column elementor-element elementor-element-831068e\" data-id=\"831068e\" data-element_type=\"column\" data-e-type=\"column\">\n\t\t\t<div class=\"elementor-widget-wrap elementor-element-populated\">\n\t\t\t\t\t\t<div class=\"elementor-element elementor-element-8915d61 elementor-widget elementor-widget-heading\" data-id=\"8915d61\" data-element_type=\"widget\" data-e-type=\"widget\" data-widget_type=\"heading.default\">\n\t\t\t\t<div class=\"elementor-widget-container\">\n\t\t\t\t\t<h2 class=\"elementor-heading-title elementor-size-default\">Rwanda \u2013 Maison Espoir Nyanza (653)<\/h2>\t\t\t\t<\/div>\n\t\t\t\t<\/div>\n\t\t\t\t\t<\/div>\n\t\t<\/div>\n\t\t\t\t\t<\/div>\n\t\t<\/section>\n\t\t\t\t<section class=\"elementor-section elementor-top-section elementor-element elementor-element-618be19 elementor-section-boxed elementor-section-height-default elementor-section-height-default\" data-id=\"618be19\" data-element_type=\"section\" data-e-type=\"section\">\n\t\t\t\t\t\t<div class=\"elementor-container elementor-column-gap-default\">\n\t\t\t\t\t<div class=\"elementor-column elementor-col-33 elementor-top-column elementor-element elementor-element-7a49197\" data-id=\"7a49197\" data-element_type=\"column\" data-e-type=\"column\">\n\t\t\t<div class=\"elementor-widget-wrap elementor-element-populated\">\n\t\t\t\t\t\t<div class=\"elementor-element elementor-element-dc9d67b elementor-widget elementor-widget-image\" data-id=\"dc9d67b\" data-element_type=\"widget\" data-e-type=\"widget\" data-widget_type=\"image.default\">\n\t\t\t\t<div class=\"elementor-widget-container\">\n\t\t\t\t\t\t\t\t\t\t\t\t\t\t\t<img width=\"458\" height=\"258\"  class=\"attachment-large size-large wp-image-9368 lws-optimize-lazyload\" alt=\"\" srcset=\"https:\/\/enfantsdumonde.be\/test\/wp-content\/uploads\/2024\/02\/Instantane-1-24-02-24-16-40_lwsoptimized.webp 458w, https:\/\/enfantsdumonde.be\/test\/wp-content\/uploads\/2024\/02\/Instantane-1-24-02-24-16-40_lwsoptimized-300x169.webp 300w\" sizes=\"(max-width: 458px) 100vw, 458px\" \/ data-src=\"https:\/\/enfantsdumonde.be\/test\/wp-content\/uploads\/2024\/02\/Instantane-1-24-02-24-16-40_lwsoptimized.webp\">\t\t\t\t\t\t\t\t\t\t\t\t\t\t\t<\/div>\n\t\t\t\t<\/div>\n\t\t\t\t\t<\/div>\n\t\t<\/div>\n\t\t\t\t<div class=\"elementor-column elementor-col-66 elementor-top-column elementor-element elementor-element-8b9ad1c\" data-id=\"8b9ad1c\" data-element_type=\"column\" data-e-type=\"column\">\n\t\t\t<div class=\"elementor-widget-wrap elementor-element-populated\">\n\t\t\t\t\t\t<div class=\"elementor-element elementor-element-0eacb27 elementor-widget elementor-widget-text-editor\" data-id=\"0eacb27\" data-element_type=\"widget\" data-e-type=\"widget\" data-widget_type=\"text-editor.default\">\n\t\t\t\t<div class=\"elementor-widget-container\">\n\t\t\t\t\t\t\t\t\t<p>Dans cette maison, des enfants vuln\u00e9rables peuvent poursuivre leurs \u00e9tudes gr\u00e2ce aux bourses d\u2019\u00e9tudes. Des jeunes ont d\u00e9j\u00e0 termin\u00e9 leurs \u00e9tudes secondaires\u2026 et m\u00eame universitaires.<\/p><p>Dans un contexte difficile, ces r\u00e9ussites changent une vie et parfois une famille enti\u00e8re.<\/p><p><em>Visitez la page de<\/em> <a href=\"https:\/\/enfantsdumonde.be\/afrique\/rdc\/653-espoir-nyanza\/\">cette maison<\/a>.<\/p>\t\t\t\t\t\t\t\t<\/div>\n\t\t\t\t<\/div>\n\t\t\t\t\t<\/div>\n\t\t<\/div>\n\t\t\t\t\t<\/div>\n\t\t<\/section>\n\t\t\t\t<section class=\"elementor-section elementor-top-section elementor-element elementor-element-9caec80 elementor-section-boxed elementor-section-height-default elementor-section-height-default\" data-id=\"9caec80\" data-element_type=\"section\" data-e-type=\"section\">\n\t\t\t\t\t\t<div class=\"elementor-container elementor-column-gap-default\">\n\t\t\t\t\t<div class=\"elementor-column elementor-col-100 elementor-top-column elementor-element elementor-element-8a2b643\" data-id=\"8a2b643\" data-element_type=\"column\" data-e-type=\"column\">\n\t\t\t<div class=\"elementor-widget-wrap elementor-element-populated\">\n\t\t\t\t\t\t<div class=\"elementor-element elementor-element-9c61c08 elementor-widget elementor-widget-heading\" data-id=\"9c61c08\" data-element_type=\"widget\" data-e-type=\"widget\" data-widget_type=\"heading.default\">\n\t\t\t\t<div class=\"elementor-widget-container\">\n\t\t\t\t\t<h2 class=\"elementor-heading-title elementor-size-default\">Rwanda \u2013 Maison Espoir Kabona (652)<\/h2>\t\t\t\t<\/div>\n\t\t\t\t<\/div>\n\t\t\t\t\t<\/div>\n\t\t<\/div>\n\t\t\t\t\t<\/div>\n\t\t<\/section>\n\t\t\t\t<section class=\"elementor-section elementor-top-section elementor-element elementor-element-8c7de17 elementor-section-boxed elementor-section-height-default elementor-section-height-default\" data-id=\"8c7de17\" data-element_type=\"section\" data-e-type=\"section\">\n\t\t\t\t\t\t<div class=\"elementor-container elementor-column-gap-default\">\n\t\t\t\t\t<div class=\"elementor-column elementor-col-33 elementor-top-column elementor-element elementor-element-d3987ec\" data-id=\"d3987ec\" data-element_type=\"column\" data-e-type=\"column\">\n\t\t\t<div class=\"elementor-widget-wrap elementor-element-populated\">\n\t\t\t\t\t\t<div class=\"elementor-element elementor-element-eb8ec45 elementor-widget elementor-widget-image\" data-id=\"eb8ec45\" data-element_type=\"widget\" data-e-type=\"widget\" data-widget_type=\"image.default\">\n\t\t\t\t<div class=\"elementor-widget-container\">\n\t\t\t\t\t\t\t\t\t\t\t\t\t\t\t<img width=\"1024\" height=\"576\"  class=\"attachment-large size-large wp-image-7958 lws-optimize-lazyload\" alt=\"\" srcset=\"https:\/\/enfantsdumonde.be\/test\/wp-content\/uploads\/2022\/11\/reboisement-preparation-des-pepinieres-169_lwsoptimized-1024x576.webp 1024w, https:\/\/enfantsdumonde.be\/test\/wp-content\/uploads\/2022\/11\/reboisement-preparation-des-pepinieres-169_lwsoptimized-300x169.webp 300w, https:\/\/enfantsdumonde.be\/test\/wp-content\/uploads\/2022\/11\/reboisement-preparation-des-pepinieres-169_lwsoptimized-768x432.webp 768w, https:\/\/enfantsdumonde.be\/test\/wp-content\/uploads\/2022\/11\/reboisement-preparation-des-pepinieres-169_lwsoptimized-800x450.webp 800w, https:\/\/enfantsdumonde.be\/test\/wp-content\/uploads\/2022\/11\/reboisement-preparation-des-pepinieres-169_lwsoptimized.webp 1285w\" sizes=\"(max-width: 1024px) 100vw, 1024px\" \/ data-src=\"https:\/\/enfantsdumonde.be\/test\/wp-content\/uploads\/2022\/11\/reboisement-preparation-des-pepinieres-169_lwsoptimized-1024x576.webp\">\t\t\t\t\t\t\t\t\t\t\t\t\t\t\t<\/div>\n\t\t\t\t<\/div>\n\t\t\t\t\t<\/div>\n\t\t<\/div>\n\t\t\t\t<div class=\"elementor-column elementor-col-66 elementor-top-column elementor-element elementor-element-239698e\" data-id=\"239698e\" data-element_type=\"column\" data-e-type=\"column\">\n\t\t\t<div class=\"elementor-widget-wrap elementor-element-populated\">\n\t\t\t\t\t\t<div class=\"elementor-element elementor-element-c3bb8c2 elementor-widget elementor-widget-text-editor\" data-id=\"c3bb8c2\" data-element_type=\"widget\" data-e-type=\"widget\" data-widget_type=\"text-editor.default\">\n\t\t\t\t<div class=\"elementor-widget-container\">\n\t\t\t\t\t\t\t\t\t<p>Ici, l\u2019objectif est encore de pr\u00e9parer l\u2019avenir. Reboisement, p\u00e9pini\u00e8res, \u00e9levage de porcelets\u2026 les jeunes apprennent \u00e0 d\u00e9velopper des activit\u00e9s qui leur permettront de gagner leur vie. Une caisse de solidarit\u00e9 a m\u00eame \u00e9t\u00e9 cr\u00e9\u00e9e pour aider les jeunes qui ont d\u00fb quitter l\u2019\u00e9cole \u00e0 rebondir.<\/p><p><em>Visitez la page de<\/em> <a href=\"https:\/\/enfantsdumonde.be\/afrique\/rdc\/652-espoir-kabona\/\">cette maison<\/a>.<\/p>\t\t\t\t\t\t\t\t<\/div>\n\t\t\t\t<\/div>\n\t\t\t\t\t<\/div>\n\t\t<\/div>\n\t\t\t\t\t<\/div>\n\t\t<\/section>\n\t\t\t\t<section class=\"elementor-section elementor-top-section elementor-element elementor-element-b5767d7 elementor-section-boxed elementor-section-height-default elementor-section-height-default\" data-id=\"b5767d7\" data-element_type=\"section\" data-e-type=\"section\">\n\t\t\t\t\t\t<div class=\"elementor-container elementor-column-gap-default\">\n\t\t\t\t\t<div class=\"elementor-column elementor-col-100 elementor-top-column elementor-element elementor-element-3dae38c\" data-id=\"3dae38c\" data-element_type=\"column\" data-e-type=\"column\">\n\t\t\t<div class=\"elementor-widget-wrap elementor-element-populated\">\n\t\t\t\t\t\t<div class=\"elementor-element elementor-element-ebe09cb elementor-widget elementor-widget-heading\" data-id=\"ebe09cb\" data-element_type=\"widget\" data-e-type=\"widget\" data-widget_type=\"heading.default\">\n\t\t\t\t<div class=\"elementor-widget-container\">\n\t\t\t\t\t<h2 class=\"elementor-heading-title elementor-size-default\">Ha\u00efti \u2013 Maison des Gona\u00efves (506)<\/h2>\t\t\t\t<\/div>\n\t\t\t\t<\/div>\n\t\t\t\t\t<\/div>\n\t\t<\/div>\n\t\t\t\t\t<\/div>\n\t\t<\/section>\n\t\t\t\t<section class=\"elementor-section elementor-top-section elementor-element elementor-element-cad3e16 elementor-section-boxed elementor-section-height-default elementor-section-height-default\" data-id=\"cad3e16\" data-element_type=\"section\" data-e-type=\"section\">\n\t\t\t\t\t\t<div class=\"elementor-container elementor-column-gap-default\">\n\t\t\t\t\t<div class=\"elementor-column elementor-col-33 elementor-top-column elementor-element elementor-element-ce73ce5\" data-id=\"ce73ce5\" data-element_type=\"column\" data-e-type=\"column\">\n\t\t\t<div class=\"elementor-widget-wrap elementor-element-populated\">\n\t\t\t\t\t\t<div class=\"elementor-element elementor-element-7c6db5a elementor-widget elementor-widget-image\" data-id=\"7c6db5a\" data-element_type=\"widget\" data-e-type=\"widget\" data-widget_type=\"image.default\">\n\t\t\t\t<div class=\"elementor-widget-container\">\n\t\t\t\t\t\t\t\t\t\t\t\t\t\t\t<img loading=\"lazy\" width=\"800\" height=\"533\"  class=\"attachment-large size-large wp-image-5139 lws-optimize-lazyload\" alt=\"\" srcset=\"https:\/\/enfantsdumonde.be\/test\/wp-content\/uploads\/2021\/04\/gonaives03_lwsoptimized.webp 800w, https:\/\/enfantsdumonde.be\/test\/wp-content\/uploads\/2021\/04\/gonaives03_lwsoptimized-300x200.webp 300w, https:\/\/enfantsdumonde.be\/test\/wp-content\/uploads\/2021\/04\/gonaives03_lwsoptimized-768x512.webp 768w\" sizes=\"(max-width: 800px) 100vw, 800px\" \/ data-src=\"https:\/\/enfantsdumonde.be\/test\/wp-content\/uploads\/2021\/04\/gonaives03_lwsoptimized.webp\">\t\t\t\t\t\t\t\t\t\t\t\t\t\t\t<\/div>\n\t\t\t\t<\/div>\n\t\t\t\t\t<\/div>\n\t\t<\/div>\n\t\t\t\t<div class=\"elementor-column elementor-col-66 elementor-top-column elementor-element elementor-element-cdd82a0\" data-id=\"cdd82a0\" data-element_type=\"column\" data-e-type=\"column\">\n\t\t\t<div class=\"elementor-widget-wrap elementor-element-populated\">\n\t\t\t\t\t\t<div class=\"elementor-element elementor-element-45a4b92 elementor-widget elementor-widget-text-editor\" data-id=\"45a4b92\" data-element_type=\"widget\" data-e-type=\"widget\" data-widget_type=\"text-editor.default\">\n\t\t\t\t<div class=\"elementor-widget-container\">\n\t\t\t\t\t\t\t\t\t<p>Dans un bidonville d\u2019Ha\u00efti, pr\u00e8s de 950 enfants fr\u00e9quentent aujourd\u2019hui l\u2019\u00e9cole soutenue par Enfants du Monde. Malgr\u00e9 l\u2019instabilit\u00e9 politique et l\u2019ins\u00e9curit\u00e9, les religieuses continuent chaque jour \u00e0 enseigner, nourrir, accompagner. Le d\u00e9fi est immense, mais leur courage l\u2019est \u00e9galement.<\/p><p><em>Visitez la page de<\/em> <a href=\"https:\/\/enfantsdumonde.be\/ameriques\/haiti\/506-gonaives\/\">cette maison<\/a>.<\/p>\t\t\t\t\t\t\t\t<\/div>\n\t\t\t\t<\/div>\n\t\t\t\t\t<\/div>\n\t\t<\/div>\n\t\t\t\t\t<\/div>\n\t\t<\/section>\n\t\t\t\t<section class=\"elementor-section elementor-top-section elementor-element elementor-element-e6d054b elementor-section-boxed elementor-section-height-default elementor-section-height-default\" data-id=\"e6d054b\" data-element_type=\"section\" data-e-type=\"section\">\n\t\t\t\t\t\t<div class=\"elementor-container elementor-column-gap-default\">\n\t\t\t\t\t<div class=\"elementor-column elementor-col-100 elementor-top-column elementor-element elementor-element-9e15441\" data-id=\"9e15441\" data-element_type=\"column\" data-e-type=\"column\">\n\t\t\t<div class=\"elementor-widget-wrap elementor-element-populated\">\n\t\t\t\t\t\t<div class=\"elementor-element elementor-element-f4f119b elementor-widget elementor-widget-heading\" data-id=\"f4f119b\" data-element_type=\"widget\" data-e-type=\"widget\" data-widget_type=\"heading.default\">\n\t\t\t\t<div class=\"elementor-widget-container\">\n\t\t\t\t\t<h2 class=\"elementor-heading-title elementor-size-default\">Un appui pour la comptabilit\u00e9<\/h2>\t\t\t\t<\/div>\n\t\t\t\t<\/div>\n\t\t\t\t\t<\/div>\n\t\t<\/div>\n\t\t\t\t\t<\/div>\n\t\t<\/section>\n\t\t\t\t<section class=\"elementor-section elementor-top-section elementor-element elementor-element-e0fa617 elementor-section-boxed elementor-section-height-default elementor-section-height-default\" data-id=\"e0fa617\" data-element_type=\"section\" data-e-type=\"section\">\n\t\t\t\t\t\t<div class=\"elementor-container elementor-column-gap-default\">\n\t\t\t\t\t<div class=\"elementor-column elementor-col-33 elementor-top-column elementor-element elementor-element-2ee54e8\" data-id=\"2ee54e8\" data-element_type=\"column\" data-e-type=\"column\">\n\t\t\t<div class=\"elementor-widget-wrap elementor-element-populated\">\n\t\t\t\t\t\t<div class=\"elementor-element elementor-element-1ec537e elementor-widget elementor-widget-image\" data-id=\"1ec537e\" data-element_type=\"widget\" data-e-type=\"widget\" data-widget_type=\"image.default\">\n\t\t\t\t<div class=\"elementor-widget-container\">\n\t\t\t\t\t\t\t\t\t\t\t\t\t\t\t<img loading=\"lazy\" width=\"810\" height=\"540\"  class=\"attachment-large size-large wp-image-10552 lws-optimize-lazyload\" alt=\"\" srcset=\"https:\/\/enfantsdumonde.be\/test\/wp-content\/uploads\/2025\/04\/Comptabilite_lwsoptimized.webp 810w, https:\/\/enfantsdumonde.be\/test\/wp-content\/uploads\/2025\/04\/Comptabilite_lwsoptimized-300x200.webp 300w, https:\/\/enfantsdumonde.be\/test\/wp-content\/uploads\/2025\/04\/Comptabilite_lwsoptimized-768x512.webp 768w\" sizes=\"(max-width: 810px) 100vw, 810px\" \/ data-src=\"https:\/\/enfantsdumonde.be\/test\/wp-content\/uploads\/2025\/04\/Comptabilite_lwsoptimized.webp\">\t\t\t\t\t\t\t\t\t\t\t\t\t\t\t<\/div>\n\t\t\t\t<\/div>\n\t\t\t\t\t<\/div>\n\t\t<\/div>\n\t\t\t\t<div class=\"elementor-column elementor-col-66 elementor-top-column elementor-element elementor-element-8ae4010\" data-id=\"8ae4010\" data-element_type=\"column\" data-e-type=\"column\">\n\t\t\t<div class=\"elementor-widget-wrap elementor-element-populated\">\n\t\t\t\t\t\t<div class=\"elementor-element elementor-element-67a3f9e elementor-widget elementor-widget-text-editor\" data-id=\"67a3f9e\" data-element_type=\"widget\" data-e-type=\"widget\" data-widget_type=\"text-editor.default\">\n\t\t\t\t<div class=\"elementor-widget-container\">\n\t\t\t\t\t\t\t\t\t<p>Notre association recherche une personne pr\u00eate \u00e0 s\u2019impliquer de mani\u00e8re <strong>durable<\/strong> dans la gestion comptable. Le travail repr\u00e9sente environ deux heures par jour et demande une bonne connaissance de la comptabilit\u00e9 et d\u2019Excel. Il s\u2019agit notamment de faire la <strong>comptabilit\u00e9 analytique<\/strong> de l\u2019ASBL. Le travail comptable se fait en \u00e9quipe, en collaboration avec Francis Demoulin, avec l\u2019appui de Jean-Fran\u00e7ois Defosse et de Lucie Karelle.<\/p>\t\t\t\t\t\t\t\t<\/div>\n\t\t\t\t<\/div>\n\t\t\t\t\t<\/div>\n\t\t<\/div>\n\t\t\t\t\t<\/div>\n\t\t<\/section>\n\t\t\t\t<section class=\"elementor-section elementor-top-section elementor-element elementor-element-a97081e elementor-section-boxed elementor-section-height-default elementor-section-height-default\" data-id=\"a97081e\" data-element_type=\"section\" data-e-type=\"section\">\n\t\t\t\t\t\t<div class=\"elementor-container elementor-column-gap-default\">\n\t\t\t\t\t<div class=\"elementor-column elementor-col-100 elementor-top-column elementor-element elementor-element-e23dbb0\" data-id=\"e23dbb0\" data-element_type=\"column\" data-e-type=\"column\">\n\t\t\t<div class=\"elementor-widget-wrap elementor-element-populated\">\n\t\t\t\t\t\t<div class=\"elementor-element elementor-element-a9b87f6 elementor-widget elementor-widget-heading\" data-id=\"a9b87f6\" data-element_type=\"widget\" data-e-type=\"widget\" data-widget_type=\"heading.default\">\n\t\t\t\t<div class=\"elementor-widget-container\">\n\t\t\t\t\t<h2 class=\"elementor-heading-title elementor-size-default\">\n<\/h2>\t\t\t\t<\/div>\n\t\t\t\t<\/div>\n\t\t\t\t<div class=\"elementor-element elementor-element-efbed26 elementor-widget elementor-widget-heading\" data-id=\"efbed26\" data-element_type=\"widget\" data-e-type=\"widget\" data-widget_type=\"heading.default\">\n\t\t\t\t<div class=\"elementor-widget-container\">\n\t\t\t\t\t<h2 class=\"elementor-heading-title elementor-size-default\">Une cha\u00eene de solidarit\u00e9 humaine\n<\/h2>\t\t\t\t<\/div>\n\t\t\t\t<\/div>\n\t\t\t\t\t<\/div>\n\t\t<\/div>\n\t\t\t\t\t<\/div>\n\t\t<\/section>\n\t\t\t\t<section class=\"elementor-section elementor-top-section elementor-element elementor-element-6cf07d5 elementor-section-boxed elementor-section-height-default elementor-section-height-default\" data-id=\"6cf07d5\" data-element_type=\"section\" data-e-type=\"section\">\n\t\t\t\t\t\t<div class=\"elementor-container elementor-column-gap-default\">\n\t\t\t\t\t<div class=\"elementor-column elementor-col-33 elementor-top-column elementor-element elementor-element-d06f7d1\" data-id=\"d06f7d1\" data-element_type=\"column\" data-e-type=\"column\">\n\t\t\t<div class=\"elementor-widget-wrap elementor-element-populated\">\n\t\t\t\t\t\t<div class=\"elementor-element elementor-element-e764989 elementor-widget elementor-widget-image\" data-id=\"e764989\" data-element_type=\"widget\" data-e-type=\"widget\" data-widget_type=\"image.default\">\n\t\t\t\t<div class=\"elementor-widget-container\">\n\t\t\t\t\t\t\t\t\t\t\t\t\t\t\t<img loading=\"lazy\" width=\"768\" height=\"571\"  class=\"attachment-large size-large wp-image-12817 lws-optimize-lazyload\" alt=\"\" srcset=\"https:\/\/enfantsdumonde.be\/test\/wp-content\/uploads\/2026\/03\/EDM-video.webp 768w, https:\/\/enfantsdumonde.be\/test\/wp-content\/uploads\/2026\/03\/EDM-video-300x223.webp 300w\" sizes=\"(max-width: 768px) 100vw, 768px\" \/ data-src=\"https:\/\/enfantsdumonde.be\/test\/wp-content\/uploads\/2026\/03\/EDM-video.webp\">\t\t\t\t\t\t\t\t\t\t\t\t\t\t\t<\/div>\n\t\t\t\t<\/div>\n\t\t\t\t\t<\/div>\n\t\t<\/div>\n\t\t\t\t<div class=\"elementor-column elementor-col-66 elementor-top-column elementor-element elementor-element-509537f\" data-id=\"509537f\" data-element_type=\"column\" data-e-type=\"column\">\n\t\t\t<div class=\"elementor-widget-wrap elementor-element-populated\">\n\t\t\t\t\t\t<div class=\"elementor-element elementor-element-9324329 elementor-widget elementor-widget-text-editor\" data-id=\"9324329\" data-element_type=\"widget\" data-e-type=\"widget\" data-widget_type=\"text-editor.default\">\n\t\t\t\t<div class=\"elementor-widget-container\">\n\t\t\t\t\t\t\t\t\t<p>Enfants du Monde, ce n\u2019est pas une grande machine anonyme. C\u2019est une <b>cha\u00eene de solidarit\u00e9 humaine<\/b>, avec des responsables locaux courageux, des parrains et des marraines fid\u00e8les et ici, en Belgique, des b\u00e9n\u00e9voles qui assurent le lien.<\/p><p>Alors, peut-\u00eatre avez-vous un peu de temps. Peut-\u00eatre <b>avez-vous envie d\u2019agir concr\u00e8tement<\/b>.<br \/>Peut-\u00eatre connaissez-vous quelqu\u2019un qui aimerait s\u2019impliquer. N\u2019h\u00e9sitez pas \u00e0 nous contacter via Brigitte Chanteux (<a href=\"mailto:projets@enfantsdumonde.be)\">projets@enfantsdumonde.be)<\/a>&#8230;<\/p>\t\t\t\t\t\t\t\t<\/div>\n\t\t\t\t<\/div>\n\t\t\t\t\t<\/div>\n\t\t<\/div>\n\t\t\t\t\t<\/div>\n\t\t<\/section>\n\t\t\t\t<section class=\"elementor-section elementor-top-section elementor-element elementor-element-b494368 elementor-section-boxed elementor-section-height-default elementor-section-height-default\" data-id=\"b494368\" data-element_type=\"section\" data-e-type=\"section\">\n\t\t\t\t\t\t<div class=\"elementor-container elementor-column-gap-default\">\n\t\t\t\t\t<div class=\"elementor-column elementor-col-100 elementor-top-column elementor-element elementor-element-b86e8a5\" data-id=\"b86e8a5\" data-element_type=\"column\" data-e-type=\"column\">\n\t\t\t<div class=\"elementor-widget-wrap elementor-element-populated\">\n\t\t\t\t\t\t<div class=\"elementor-element elementor-element-d2c67db elementor-widget elementor-widget-text-editor\" data-id=\"d2c67db\" data-element_type=\"widget\" data-e-type=\"widget\" data-widget_type=\"text-editor.default\">\n\t\t\t\t<div class=\"elementor-widget-container\">\n\t\t\t\t\t\t\t\t\t<h2 style=\"text-align: center;\"><strong>Et peut-\u00eatre que la belle histoire d\u2019Enfants du Monde se poursuivra gr\u00e2ce \u00e0 vous\u00a0!<\/strong><\/h2>\t\t\t\t\t\t\t\t<\/div>\n\t\t\t\t<\/div>\n\t\t\t\t\t<\/div>\n\t\t<\/div>\n\t\t\t\t\t<\/div>\n\t\t<\/section>\n\t\t\t\t<\/div>\n\t\t","protected":false},"excerpt":{"rendered":"<p>Tout commence souvent par une rencontre, un message. Un mail venu d\u2019Afrique. Une photo envoy\u00e9e depuis Ha\u00efti. Un bulletin scolaire qui annonce une r\u00e9ussite. Et derri\u00e8re ces messages, il y a une histoire : celle d\u2019un enfant qui peut aller \u00e0 l\u2019\u00e9cole, manger \u00e0 sa faim, apprendre un m\u00e9tier\u2026 parce que quelque part, en Belgique, [&hellip;]<\/p>\n","protected":false},"author":5,"featured_media":13077,"comment_status":"closed","ping_status":"closed","sticky":false,"template":"","format":"standard","meta":{"ocean_post_layout":"","ocean_both_sidebars_style":"","ocean_both_sidebars_content_width":0,"ocean_both_sidebars_sidebars_width":0,"ocean_sidebar":"","ocean_second_sidebar":"","ocean_disable_margins":"enable","ocean_add_body_class":"","ocean_shortcode_before_top_bar":"","ocean_shortcode_after_top_bar":"","ocean_shortcode_before_header":"","ocean_shortcode_after_header":"","ocean_has_shortcode":"","ocean_shortcode_after_title":"","ocean_shortcode_before_footer_widgets":"","ocean_shortcode_after_footer_widgets":"","ocean_shortcode_before_footer_bottom":"","ocean_shortcode_after_footer_bottom":"","ocean_display_top_bar":"default","ocean_display_header":"default","ocean_header_style":"","ocean_center_header_left_menu":"","ocean_custom_header_template":"","ocean_custom_logo":0,"ocean_custom_retina_logo":0,"ocean_custom_logo_max_width":0,"ocean_custom_logo_tablet_max_width":0,"ocean_custom_logo_mobile_max_width":0,"ocean_custom_logo_max_height":0,"ocean_custom_logo_tablet_max_height":0,"ocean_custom_logo_mobile_max_height":0,"ocean_header_custom_menu":"","ocean_menu_typo_font_family":"","ocean_menu_typo_font_subset":"","ocean_menu_typo_font_size":0,"ocean_menu_typo_font_size_tablet":0,"ocean_menu_typo_font_size_mobile":0,"ocean_menu_typo_font_size_unit":"px","ocean_menu_typo_font_weight":"","ocean_menu_typo_font_weight_tablet":"","ocean_menu_typo_font_weight_mobile":"","ocean_menu_typo_transform":"","ocean_menu_typo_transform_tablet":"","ocean_menu_typo_transform_mobile":"","ocean_menu_typo_line_height":0,"ocean_menu_typo_line_height_tablet":0,"ocean_menu_typo_line_height_mobile":0,"ocean_menu_typo_line_height_unit":"","ocean_menu_typo_spacing":0,"ocean_menu_typo_spacing_tablet":0,"ocean_menu_typo_spacing_mobile":0,"ocean_menu_typo_spacing_unit":"","ocean_menu_link_color":"","ocean_menu_link_color_hover":"","ocean_menu_link_color_active":"","ocean_menu_link_background":"","ocean_menu_link_hover_background":"","ocean_menu_link_active_background":"","ocean_menu_social_links_bg":"","ocean_menu_social_hover_links_bg":"","ocean_menu_social_links_color":"","ocean_menu_social_hover_links_color":"","ocean_disable_title":"default","ocean_disable_heading":"default","ocean_post_title":"","ocean_post_subheading":"","ocean_post_title_style":"","ocean_post_title_background_color":"","ocean_post_title_background":0,"ocean_post_title_bg_image_position":"","ocean_post_title_bg_image_attachment":"","ocean_post_title_bg_image_repeat":"","ocean_post_title_bg_image_size":"","ocean_post_title_height":0,"ocean_post_title_bg_overlay":0.5,"ocean_post_title_bg_overlay_color":"","ocean_disable_breadcrumbs":"default","ocean_breadcrumbs_color":"","ocean_breadcrumbs_separator_color":"","ocean_breadcrumbs_links_color":"","ocean_breadcrumbs_links_hover_color":"","ocean_display_footer_widgets":"default","ocean_display_footer_bottom":"default","ocean_custom_footer_template":"","ocean_post_oembed":"","ocean_post_self_hosted_media":"","ocean_post_video_embed":"","ocean_link_format":"","ocean_link_format_target":"self","ocean_quote_format":"","ocean_quote_format_link":"post","ocean_gallery_link_images":"on","ocean_gallery_id":[],"footnotes":""},"categories":[95],"tags":[],"class_list":["post-13075","post","type-post","status-publish","format-standard","has-post-thumbnail","hentry","category-nouvelles","entry","has-media"],"aioseo_notices":[],"_links":{"self":[{"href":"https:\/\/enfantsdumonde.be\/test\/wp-json\/wp\/v2\/posts\/13075","targetHints":{"allow":["GET"]}}],"collection":[{"href":"https:\/\/enfantsdumonde.be\/test\/wp-json\/wp\/v2\/posts"}],"about":[{"href":"https:\/\/enfantsdumonde.be\/test\/wp-json\/wp\/v2\/types\/post"}],"author":[{"embeddable":true,"href":"https:\/\/enfantsdumonde.be\/test\/wp-json\/wp\/v2\/users\/5"}],"replies":[{"embeddable":true,"href":"https:\/\/enfantsdumonde.be\/test\/wp-json\/wp\/v2\/comments?post=13075"}],"version-history":[{"count":5,"href":"https:\/\/enfantsdumonde.be\/test\/wp-json\/wp\/v2\/posts\/13075\/revisions"}],"predecessor-version":[{"id":13086,"href":"https:\/\/enfantsdumonde.be\/test\/wp-json\/wp\/v2\/posts\/13075\/revisions\/13086"}],"wp:featuredmedia":[{"embeddable":true,"href":"https:\/\/enfantsdumonde.be\/test\/wp-json\/wp\/v2\/media\/13077"}],"wp:attachment":[{"href":"https:\/\/enfantsdumonde.be\/test\/wp-json\/wp\/v2\/media?parent=13075"}],"wp:term":[{"taxonomy":"category","embeddable":true,"href":"https:\/\/enfantsdumonde.be\/test\/wp-json\/wp\/v2\/categories?post=13075"},{"taxonomy":"post_tag","embeddable":true,"href":"https:\/\/enfantsdumonde.be\/test\/wp-json\/wp\/v2\/tags?post=13075"}],"curies":[{"name":"wp","href":"https:\/\/api.w.org\/{rel}","templated":true}]}}