{"id":11777,"date":"2026-01-01T16:23:48","date_gmt":"2026-01-01T15:23:48","guid":{"rendered":"https:\/\/enfantsdumonde.be\/test\/\/\/\/\/\/\/?p=11777"},"modified":"2026-02-11T12:17:53","modified_gmt":"2026-02-11T11:17:53","slug":"idsf-b","status":"publish","type":"post","link":"https:\/\/enfantsdumonde.be\/test\/idsf-b\/","title":{"rendered":"Sur le terrain avec l\u2019IDSF-B (225)"},"content":{"rendered":"\t\t<div data-elementor-type=\"wp-post\" data-elementor-id=\"11777\" class=\"elementor elementor-11777\">\n\t\t\t\t\t\t<section class=\"elementor-section elementor-top-section elementor-element elementor-element-01827e8 elementor-section-boxed elementor-section-height-default elementor-section-height-default\" data-id=\"01827e8\" data-element_type=\"section\" data-e-type=\"section\">\n\t\t\t\t\t\t<div class=\"elementor-container elementor-column-gap-default\">\n\t\t\t\t\t<div class=\"elementor-column elementor-col-100 elementor-top-column elementor-element elementor-element-0cc9c43\" data-id=\"0cc9c43\" data-element_type=\"column\" data-e-type=\"column\">\n\t\t\t<div class=\"elementor-widget-wrap elementor-element-populated\">\n\t\t\t\t\t\t<div class=\"elementor-element elementor-element-b647e44 elementor-widget elementor-widget-text-editor\" data-id=\"b647e44\" data-element_type=\"widget\" data-e-type=\"widget\" data-widget_type=\"text-editor.default\">\n\t\t\t\t<div class=\"elementor-widget-container\">\n\t\t\t\t\t\t\t\t\t<p>Pour agir vraiment au Burkina-Faso (Ouagadougou), Enfants du Monde s\u2019appuie notamment sur un alli\u00e9 indispensable : l\u2019IDSF-B, une \u00e9quipe locale solide qui transforme chaque engagement en action concr\u00e8te.<\/p><p>Quand on lit \u00ab IDSF-B \u00bb, on imagine facilement une structure compliqu\u00e9e, avec un nom difficile \u00e0 retenir. Pourtant, derri\u00e8re ces quatre lettres se cache une \u00e9quipe simple, chaleureuse, et profond\u00e9ment engag\u00e9e aupr\u00e8s des enfants et des familles les plus fragiles de Ouagadougou.<\/p><div id=\"ConnectiveDocSignExtentionInstalled\" data-extension-version=\"1.0.4\">\u00a0<\/div>\t\t\t\t\t\t\t\t<\/div>\n\t\t\t\t<\/div>\n\t\t\t\t\t<\/div>\n\t\t<\/div>\n\t\t\t\t\t<\/div>\n\t\t<\/section>\n\t\t\t\t<section class=\"elementor-section elementor-top-section elementor-element elementor-element-2362079 elementor-section-boxed elementor-section-height-default elementor-section-height-default\" data-id=\"2362079\" data-element_type=\"section\" data-e-type=\"section\">\n\t\t\t\t\t\t<div class=\"elementor-container elementor-column-gap-default\">\n\t\t\t\t\t<div class=\"elementor-column elementor-col-100 elementor-top-column elementor-element elementor-element-6412571\" data-id=\"6412571\" data-element_type=\"column\" data-e-type=\"column\">\n\t\t\t<div class=\"elementor-widget-wrap elementor-element-populated\">\n\t\t\t\t\t\t<div class=\"elementor-element elementor-element-88dc190 elementor-widget elementor-widget-image\" data-id=\"88dc190\" data-element_type=\"widget\" data-e-type=\"widget\" data-widget_type=\"image.default\">\n\t\t\t\t<div class=\"elementor-widget-container\">\n\t\t\t\t\t\t\t\t\t\t\t\t<figure class=\"wp-caption\">\n\t\t\t\t\t\t\t\t\t\t\t<a href=\"https:\/\/enfantsdumonde.be\/wp-content\/uploads\/2026\/01\/idsf-equipe.webp\" data-elementor-open-lightbox=\"yes\" data-elementor-lightbox-title=\"idsf equipe\" data-e-action-hash=\"#elementor-action%3Aaction%3Dlightbox%26settings%3DeyJpZCI6MTE3NzksInVybCI6Imh0dHBzOlwvXC9lbmZhbnRzZHVtb25kZS5iZVwvdGVzdFwvd3AtY29udGVudFwvdXBsb2Fkc1wvMjAyNlwvMDFcL2lkc2YtZXF1aXBlLndlYnAifQ%3D%3D\">\n\t\t\t\t\t\t\t<img fetchpriority=\"high\" width=\"601\" height=\"438\"  class=\"attachment-large size-large wp-image-11779 lws-optimize-lazyload\" alt=\"\" srcset=\"https:\/\/enfantsdumonde.be\/test\/wp-content\/uploads\/2026\/01\/idsf-equipe.webp 601w, https:\/\/enfantsdumonde.be\/test\/wp-content\/uploads\/2026\/01\/idsf-equipe-300x219.webp 300w\" sizes=\"(max-width: 601px) 100vw, 601px\" \/ data-src=\"https:\/\/enfantsdumonde.be\/test\/wp-content\/uploads\/2026\/01\/idsf-equipe.webp\">\t\t\t\t\t\t\t\t<\/a>\n\t\t\t\t\t\t\t\t\t\t\t<figcaption class=\"widget-image-caption wp-caption-text\">Dieudonn\u00e9, Timoth\u00e9e, Philippe, Harouna,  Boukar\u00e9 et Seydou Mady<\/figcaption>\n\t\t\t\t\t\t\t\t\t\t<\/figure>\n\t\t\t\t\t\t\t\t\t<\/div>\n\t\t\t\t<\/div>\n\t\t\t\t\t<\/div>\n\t\t<\/div>\n\t\t\t\t\t<\/div>\n\t\t<\/section>\n\t\t\t\t<section class=\"elementor-section elementor-top-section elementor-element elementor-element-eda6a4c elementor-section-boxed elementor-section-height-default elementor-section-height-default\" data-id=\"eda6a4c\" data-element_type=\"section\" data-e-type=\"section\">\n\t\t\t\t\t\t<div class=\"elementor-container elementor-column-gap-default\">\n\t\t\t\t\t<div class=\"elementor-column elementor-col-100 elementor-top-column elementor-element elementor-element-86da770\" data-id=\"86da770\" data-element_type=\"column\" data-e-type=\"column\">\n\t\t\t<div class=\"elementor-widget-wrap elementor-element-populated\">\n\t\t\t\t\t\t<div class=\"elementor-element elementor-element-3d6df80 elementor-widget elementor-widget-text-editor\" data-id=\"3d6df80\" data-element_type=\"widget\" data-e-type=\"widget\" data-widget_type=\"text-editor.default\">\n\t\t\t\t<div class=\"elementor-widget-container\">\n\t\t\t\t\t\t\t\t\t<p>L\u2019asbl <em>\u00ab\u00a0Initiatives D\u00e9veloppons Sans Fronti\u00e8res \u2013 Burkina\u00a0\u00bb<\/em> est une association \u00a0qui \u00e9coute, qui accompagne et qui agit. Elle a \u00e9t\u00e9 cr\u00e9\u00e9e par des citoyens burkinab\u00e8 convaincus que le d\u00e9veloppement d\u2019un pays ne se d\u00e9cr\u00e8te pas seulement \u00ab d\u2019en haut \u00bb, mais se construit ensemble, pas \u00e0 pas. Leur philosophie tient dans un proverbe africain qu\u2019ils aiment citer :<\/p><p>\u00ab <em><strong>Si tu as quelqu\u2019un pour te laver le dos, profite pour bien laver ton ventre.<\/strong><\/em> \u00bb<br \/>Autrement dit : chacun a un r\u00f4le \u00e0 jouer, et c\u2019est en unissant les forces que les progr\u00e8s deviennent possibles.<\/p><div id=\"ConnectiveDocSignExtentionInstalled\" data-extension-version=\"1.0.4\">\u00a0<\/div>\t\t\t\t\t\t\t\t<\/div>\n\t\t\t\t<\/div>\n\t\t\t\t\t<\/div>\n\t\t<\/div>\n\t\t\t\t\t<\/div>\n\t\t<\/section>\n\t\t\t\t<section class=\"elementor-section elementor-top-section elementor-element elementor-element-989059e elementor-section-boxed elementor-section-height-default elementor-section-height-default\" data-id=\"989059e\" data-element_type=\"section\" data-e-type=\"section\">\n\t\t\t\t\t\t<div class=\"elementor-container elementor-column-gap-default\">\n\t\t\t\t\t<div class=\"elementor-column elementor-col-100 elementor-top-column elementor-element elementor-element-da44c47\" data-id=\"da44c47\" data-element_type=\"column\" data-e-type=\"column\">\n\t\t\t<div class=\"elementor-widget-wrap elementor-element-populated\">\n\t\t\t\t\t\t<div class=\"elementor-element elementor-element-a252643 elementor-widget elementor-widget-image\" data-id=\"a252643\" data-element_type=\"widget\" data-e-type=\"widget\" data-widget_type=\"image.default\">\n\t\t\t\t<div class=\"elementor-widget-container\">\n\t\t\t\t\t\t\t\t\t\t\t\t<figure class=\"wp-caption\">\n\t\t\t\t\t\t\t\t\t\t\t<a href=\"https:\/\/enfantsdumonde.be\/wp-content\/uploads\/2026\/01\/IDSF-B-1024.webp\" data-elementor-open-lightbox=\"yes\" data-elementor-lightbox-title=\"bureaux de l&#039;IDSF-B\" data-e-action-hash=\"#elementor-action%3Aaction%3Dlightbox%26settings%3DeyJpZCI6MTE3ODksInVybCI6Imh0dHBzOlwvXC9lbmZhbnRzZHVtb25kZS5iZVwvdGVzdFwvd3AtY29udGVudFwvdXBsb2Fkc1wvMjAyNlwvMDFcL0lEU0YtQi0xMDI0LndlYnAifQ%3D%3D\">\n\t\t\t\t\t\t\t<img width=\"1024\" height=\"461\"  class=\"attachment-large size-large wp-image-11789 lws-optimize-lazyload\" alt=\"\" srcset=\"https:\/\/enfantsdumonde.be\/test\/wp-content\/uploads\/2026\/01\/IDSF-B-1024.webp 1024w, https:\/\/enfantsdumonde.be\/test\/wp-content\/uploads\/2026\/01\/IDSF-B-1024-300x135.webp 300w, https:\/\/enfantsdumonde.be\/test\/wp-content\/uploads\/2026\/01\/IDSF-B-1024-768x346.webp 768w\" sizes=\"(max-width: 1024px) 100vw, 1024px\" \/ data-src=\"https:\/\/enfantsdumonde.be\/test\/wp-content\/uploads\/2026\/01\/IDSF-B-1024.webp\">\t\t\t\t\t\t\t\t<\/a>\n\t\t\t\t\t\t\t\t\t\t\t<figcaption class=\"widget-image-caption wp-caption-text\">Les bureaux de l'IDSF-B \u00e0 Ouagadougou<\/figcaption>\n\t\t\t\t\t\t\t\t\t\t<\/figure>\n\t\t\t\t\t\t\t\t\t<\/div>\n\t\t\t\t<\/div>\n\t\t\t\t\t<\/div>\n\t\t<\/div>\n\t\t\t\t\t<\/div>\n\t\t<\/section>\n\t\t\t\t<section class=\"elementor-section elementor-top-section elementor-element elementor-element-c81a9c8 elementor-section-boxed elementor-section-height-default elementor-section-height-default\" data-id=\"c81a9c8\" data-element_type=\"section\" data-e-type=\"section\">\n\t\t\t\t\t\t<div class=\"elementor-container elementor-column-gap-default\">\n\t\t\t\t\t<div class=\"elementor-column elementor-col-100 elementor-top-column elementor-element elementor-element-c4af87f\" data-id=\"c4af87f\" data-element_type=\"column\" data-e-type=\"column\">\n\t\t\t<div class=\"elementor-widget-wrap elementor-element-populated\">\n\t\t\t\t\t\t<div class=\"elementor-element elementor-element-7c3ab38 elementor-widget elementor-widget-text-editor\" data-id=\"7c3ab38\" data-element_type=\"widget\" data-e-type=\"widget\" data-widget_type=\"text-editor.default\">\n\t\t\t\t<div class=\"elementor-widget-container\">\n\t\t\t\t\t\t\t\t\t<p>L\u2019IDSF-B agit pour am\u00e9liorer la vie des familles les plus d\u00e9munies, avec un accent tout particulier sur les enfants et les femmes : \u00e9ducation, sant\u00e9, accompagnement social, acc\u00e8s \u00e0 l\u2019eau ou \u00e0 l\u2019\u00e9nergie, formation\u2026 Enfants du Monde travaille de longue date avec l\u2019arrondissement 3 de Ouagadougou.<\/p><p>Les liens cr\u00e9\u00e9s depuis 2008 avec Boukar\u00e9 Tond\u00e9 ont entra\u00een\u00e9 la cr\u00e9ation de l\u2019association, dont il est pr\u00e9sident. Depuis 2021, elle est le partenaire local d\u2019Enfants du Monde Belgique, et ensemble, les deux \u00e9quipes \u2013 celle de Belgique et \u00ab la Team IDSF-B \u00bb sur place \u2013 portent un projet commun, celui de scolariser des orphelins et des enfants vuln\u00e9rables, et soutenir les familles dans les moments difficiles.<\/p><div id=\"ConnectiveDocSignExtentionInstalled\" data-extension-version=\"1.0.4\">\u00a0<\/div>\t\t\t\t\t\t\t\t<\/div>\n\t\t\t\t<\/div>\n\t\t\t\t\t<\/div>\n\t\t<\/div>\n\t\t\t\t\t<\/div>\n\t\t<\/section>\n\t\t\t\t<section class=\"elementor-section elementor-top-section elementor-element elementor-element-2c14f0e elementor-section-boxed elementor-section-height-default elementor-section-height-default\" data-id=\"2c14f0e\" data-element_type=\"section\" data-e-type=\"section\">\n\t\t\t\t\t\t<div class=\"elementor-container elementor-column-gap-default\">\n\t\t\t\t\t<div class=\"elementor-column elementor-col-100 elementor-top-column elementor-element elementor-element-9d97104\" data-id=\"9d97104\" data-element_type=\"column\" data-e-type=\"column\">\n\t\t\t<div class=\"elementor-widget-wrap elementor-element-populated\">\n\t\t\t\t\t\t<div class=\"elementor-element elementor-element-37964b5 elementor-widget elementor-widget-image\" data-id=\"37964b5\" data-element_type=\"widget\" data-e-type=\"widget\" data-widget_type=\"image.default\">\n\t\t\t\t<div class=\"elementor-widget-container\">\n\t\t\t\t\t\t\t\t\t\t\t\t\t\t\t<img width=\"1024\" height=\"461\"  class=\"attachment-large size-large wp-image-11787 lws-optimize-lazyload\" alt=\"\" srcset=\"https:\/\/enfantsdumonde.be\/test\/wp-content\/uploads\/2026\/01\/reunion-idsf-b-2-1024x461.webp 1024w, https:\/\/enfantsdumonde.be\/test\/wp-content\/uploads\/2026\/01\/reunion-idsf-b-2-300x135.webp 300w, https:\/\/enfantsdumonde.be\/test\/wp-content\/uploads\/2026\/01\/reunion-idsf-b-2-768x346.webp 768w, https:\/\/enfantsdumonde.be\/test\/wp-content\/uploads\/2026\/01\/reunion-idsf-b-2.webp 1080w\" sizes=\"(max-width: 1024px) 100vw, 1024px\" \/ data-src=\"https:\/\/enfantsdumonde.be\/test\/wp-content\/uploads\/2026\/01\/reunion-idsf-b-2-1024x461.webp\">\t\t\t\t\t\t\t\t\t\t\t\t\t\t\t<\/div>\n\t\t\t\t<\/div>\n\t\t\t\t\t<\/div>\n\t\t<\/div>\n\t\t\t\t\t<\/div>\n\t\t<\/section>\n\t\t\t\t<section class=\"elementor-section elementor-top-section elementor-element elementor-element-229c1f2 elementor-section-boxed elementor-section-height-default elementor-section-height-default\" data-id=\"229c1f2\" data-element_type=\"section\" data-e-type=\"section\">\n\t\t\t\t\t\t<div class=\"elementor-container elementor-column-gap-default\">\n\t\t\t\t\t<div class=\"elementor-column elementor-col-100 elementor-top-column elementor-element elementor-element-3a56676\" data-id=\"3a56676\" data-element_type=\"column\" data-e-type=\"column\">\n\t\t\t<div class=\"elementor-widget-wrap elementor-element-populated\">\n\t\t\t\t\t\t<div class=\"elementor-element elementor-element-8453465 elementor-widget elementor-widget-text-editor\" data-id=\"8453465\" data-element_type=\"widget\" data-e-type=\"widget\" data-widget_type=\"text-editor.default\">\n\t\t\t\t<div class=\"elementor-widget-container\">\n\t\t\t\t\t\t\t\t\t<p>Gr\u00e2ce \u00e0 ce partenariat, 135 enfants sont soutenus (2024-2025-2026).\u00a0 Concr\u00e8tement, cela signifie que les enfants re\u00e7oivent des bourses scolaires couvrant les frais d\u2019\u00e9cole, un kit alimentaire de No\u00ebl, vital pour de nombreuses familles et qu\u2019ils font l\u2019objet d\u2019un suivi scolaire r\u00e9gulier, pour encourager la r\u00e9ussite et comprendre les difficult\u00e9s.<\/p><div id=\"ConnectiveDocSignExtentionInstalled\" data-extension-version=\"1.0.4\">\u00a0<\/div>\t\t\t\t\t\t\t\t<\/div>\n\t\t\t\t<\/div>\n\t\t\t\t\t<\/div>\n\t\t<\/div>\n\t\t\t\t\t<\/div>\n\t\t<\/section>\n\t\t\t\t<section class=\"elementor-section elementor-top-section elementor-element elementor-element-2c8770e elementor-section-boxed elementor-section-height-default elementor-section-height-default\" data-id=\"2c8770e\" data-element_type=\"section\" data-e-type=\"section\">\n\t\t\t\t\t\t<div class=\"elementor-container elementor-column-gap-default\">\n\t\t\t\t\t<div class=\"elementor-column elementor-col-50 elementor-top-column elementor-element elementor-element-a189d9d\" data-id=\"a189d9d\" data-element_type=\"column\" data-e-type=\"column\">\n\t\t\t<div class=\"elementor-widget-wrap elementor-element-populated\">\n\t\t\t\t\t\t<div class=\"elementor-element elementor-element-2fa0ce1 elementor-widget elementor-widget-text-editor\" data-id=\"2fa0ce1\" data-element_type=\"widget\" data-e-type=\"widget\" data-widget_type=\"text-editor.default\">\n\t\t\t\t<div class=\"elementor-widget-container\">\n\t\t\t\t\t\t\t\t\t<p>L\u2019\u00e9quipe assure aussi un accompagnement social lors des moments critiques (maladie, abandon scolaire, probl\u00e8mes familiaux) et des actions cibl\u00e9es (puits, v\u00e9los, petits travaux d\u2019habitat, kits solaires pour \u00e9tudier le soir).<\/p><div id=\"ConnectiveDocSignExtentionInstalled\" data-extension-version=\"1.0.4\">\u00a0<\/div>\t\t\t\t\t\t\t\t<\/div>\n\t\t\t\t<\/div>\n\t\t\t\t\t<\/div>\n\t\t<\/div>\n\t\t\t\t<div class=\"elementor-column elementor-col-50 elementor-top-column elementor-element elementor-element-1922e71\" data-id=\"1922e71\" data-element_type=\"column\" data-e-type=\"column\">\n\t\t\t<div class=\"elementor-widget-wrap elementor-element-populated\">\n\t\t\t\t\t\t<div class=\"elementor-element elementor-element-62f88e3 elementor-widget elementor-widget-image\" data-id=\"62f88e3\" data-element_type=\"widget\" data-e-type=\"widget\" data-widget_type=\"image.default\">\n\t\t\t\t<div class=\"elementor-widget-container\">\n\t\t\t\t\t\t\t\t\t\t\t\t\t\t\t<img loading=\"lazy\" width=\"1024\" height=\"461\"  class=\"attachment-large size-large wp-image-11799 lws-optimize-lazyload\" alt=\"\" srcset=\"https:\/\/enfantsdumonde.be\/test\/wp-content\/uploads\/2026\/01\/equipe-1024x461.webp 1024w, https:\/\/enfantsdumonde.be\/test\/wp-content\/uploads\/2026\/01\/equipe-300x135.webp 300w, https:\/\/enfantsdumonde.be\/test\/wp-content\/uploads\/2026\/01\/equipe-768x346.webp 768w, https:\/\/enfantsdumonde.be\/test\/wp-content\/uploads\/2026\/01\/equipe.webp 1080w\" sizes=\"(max-width: 1024px) 100vw, 1024px\" \/ data-src=\"https:\/\/enfantsdumonde.be\/test\/wp-content\/uploads\/2026\/01\/equipe-1024x461.webp\">\t\t\t\t\t\t\t\t\t\t\t\t\t\t\t<\/div>\n\t\t\t\t<\/div>\n\t\t\t\t\t<\/div>\n\t\t<\/div>\n\t\t\t\t\t<\/div>\n\t\t<\/section>\n\t\t\t\t<section class=\"elementor-section elementor-top-section elementor-element elementor-element-a3050c3 elementor-section-boxed elementor-section-height-default elementor-section-height-default\" data-id=\"a3050c3\" data-element_type=\"section\" data-e-type=\"section\">\n\t\t\t\t\t\t<div class=\"elementor-container elementor-column-gap-default\">\n\t\t\t\t\t<div class=\"elementor-column elementor-col-100 elementor-top-column elementor-element elementor-element-a72289d\" data-id=\"a72289d\" data-element_type=\"column\" data-e-type=\"column\">\n\t\t\t<div class=\"elementor-widget-wrap elementor-element-populated\">\n\t\t\t\t\t\t<div class=\"elementor-element elementor-element-4ea70c0 elementor-widget elementor-widget-text-editor\" data-id=\"4ea70c0\" data-element_type=\"widget\" data-e-type=\"widget\" data-widget_type=\"text-editor.default\">\n\t\t\t\t<div class=\"elementor-widget-container\">\n\t\t\t\t\t\t\t\t\t<p>Comme vous le voyez, ces actions ne sont pas seulement administratives : elles reposent sur une pr\u00e9sence humaine, constante, et c\u2019est l\u00e0 que l\u2019IDSF-B r\u00e9v\u00e8le toute sa force. Les samedis, l\u2019IDSF-B assure un guichet social. Au si\u00e8ge de l\u2019association, parents, tuteurs, grands-parents arrivent l\u2019un apr\u00e8s l\u2019autre. On \u00e9coute, on conseille, on rel\u00e8ve les situations urgentes, on cherche des solutions. Rien de th\u00e9orique &#8211; c\u2019est du terrain pur.<\/p><div id=\"ConnectiveDocSignExtentionInstalled\" data-extension-version=\"1.0.4\">\u00a0<\/div>\t\t\t\t\t\t\t\t<\/div>\n\t\t\t\t<\/div>\n\t\t\t\t\t<\/div>\n\t\t<\/div>\n\t\t\t\t\t<\/div>\n\t\t<\/section>\n\t\t\t\t<section class=\"elementor-section elementor-top-section elementor-element elementor-element-b30c408 elementor-section-boxed elementor-section-height-default elementor-section-height-default\" data-id=\"b30c408\" data-element_type=\"section\" data-e-type=\"section\">\n\t\t\t\t\t\t<div class=\"elementor-container elementor-column-gap-default\">\n\t\t\t\t\t<div class=\"elementor-column elementor-col-100 elementor-top-column elementor-element elementor-element-80994c4\" data-id=\"80994c4\" data-element_type=\"column\" data-e-type=\"column\">\n\t\t\t<div class=\"elementor-widget-wrap elementor-element-populated\">\n\t\t\t\t\t\t<div class=\"elementor-element elementor-element-a54100e elementor-widget elementor-widget-button\" data-id=\"a54100e\" data-element_type=\"widget\" data-e-type=\"widget\" data-widget_type=\"button.default\">\n\t\t\t\t<div class=\"elementor-widget-container\">\n\t\t\t\t\t\t\t\t\t<div class=\"elementor-button-wrapper\">\n\t\t\t\t\t<a class=\"elementor-button elementor-button-link elementor-size-sm\" href=\"https:\/\/www.sig-noghin.org\/avec-idsf\/\">\n\t\t\t\t\t\t<span class=\"elementor-button-content-wrapper\">\n\t\t\t\t\t\t\t\t\t<span class=\"elementor-button-text\">En savoir plus<\/span>\n\t\t\t\t\t<\/span>\n\t\t\t\t\t<\/a>\n\t\t\t\t<\/div>\n\t\t\t\t\t\t\t\t<\/div>\n\t\t\t\t<\/div>\n\t\t\t\t\t<\/div>\n\t\t<\/div>\n\t\t\t\t\t<\/div>\n\t\t<\/section>\n\t\t\t\t<\/div>\n\t\t","protected":false},"excerpt":{"rendered":"<p>Pour agir vraiment au Burkina-Faso (Ouagadougou), Enfants du Monde s\u2019appuie notamment sur un alli\u00e9 indispensable : l\u2019IDSF-B, une \u00e9quipe locale solide qui transforme chaque engagement en action concr\u00e8te. Quand on lit \u00ab IDSF-B \u00bb, on imagine facilement une structure compliqu\u00e9e, avec un nom difficile \u00e0 retenir. Pourtant, derri\u00e8re ces quatre lettres se cache une \u00e9quipe [&hellip;]<\/p>\n","protected":false},"author":5,"featured_media":0,"comment_status":"closed","ping_status":"open","sticky":false,"template":"","format":"standard","meta":{"ocean_post_layout":"","ocean_both_sidebars_style":"","ocean_both_sidebars_content_width":0,"ocean_both_sidebars_sidebars_width":0,"ocean_sidebar":"","ocean_second_sidebar":"","ocean_disable_margins":"enable","ocean_add_body_class":"","ocean_shortcode_before_top_bar":"","ocean_shortcode_after_top_bar":"","ocean_shortcode_before_header":"","ocean_shortcode_after_header":"","ocean_has_shortcode":"","ocean_shortcode_after_title":"","ocean_shortcode_before_footer_widgets":"","ocean_shortcode_after_footer_widgets":"","ocean_shortcode_before_footer_bottom":"","ocean_shortcode_after_footer_bottom":"","ocean_display_top_bar":"default","ocean_display_header":"default","ocean_header_style":"","ocean_center_header_left_menu":"","ocean_custom_header_template":"","ocean_custom_logo":0,"ocean_custom_retina_logo":0,"ocean_custom_logo_max_width":0,"ocean_custom_logo_tablet_max_width":0,"ocean_custom_logo_mobile_max_width":0,"ocean_custom_logo_max_height":0,"ocean_custom_logo_tablet_max_height":0,"ocean_custom_logo_mobile_max_height":0,"ocean_header_custom_menu":"","ocean_menu_typo_font_family":"","ocean_menu_typo_font_subset":"","ocean_menu_typo_font_size":0,"ocean_menu_typo_font_size_tablet":0,"ocean_menu_typo_font_size_mobile":0,"ocean_menu_typo_font_size_unit":"px","ocean_menu_typo_font_weight":"","ocean_menu_typo_font_weight_tablet":"","ocean_menu_typo_font_weight_mobile":"","ocean_menu_typo_transform":"","ocean_menu_typo_transform_tablet":"","ocean_menu_typo_transform_mobile":"","ocean_menu_typo_line_height":0,"ocean_menu_typo_line_height_tablet":0,"ocean_menu_typo_line_height_mobile":0,"ocean_menu_typo_line_height_unit":"","ocean_menu_typo_spacing":0,"ocean_menu_typo_spacing_tablet":0,"ocean_menu_typo_spacing_mobile":0,"ocean_menu_typo_spacing_unit":"","ocean_menu_link_color":"","ocean_menu_link_color_hover":"","ocean_menu_link_color_active":"","ocean_menu_link_background":"","ocean_menu_link_hover_background":"","ocean_menu_link_active_background":"","ocean_menu_social_links_bg":"","ocean_menu_social_hover_links_bg":"","ocean_menu_social_links_color":"","ocean_menu_social_hover_links_color":"","ocean_disable_title":"default","ocean_disable_heading":"default","ocean_post_title":"","ocean_post_subheading":"","ocean_post_title_style":"","ocean_post_title_background_color":"","ocean_post_title_background":0,"ocean_post_title_bg_image_position":"","ocean_post_title_bg_image_attachment":"","ocean_post_title_bg_image_repeat":"","ocean_post_title_bg_image_size":"","ocean_post_title_height":0,"ocean_post_title_bg_overlay":0.5,"ocean_post_title_bg_overlay_color":"","ocean_disable_breadcrumbs":"default","ocean_breadcrumbs_color":"","ocean_breadcrumbs_separator_color":"","ocean_breadcrumbs_links_color":"","ocean_breadcrumbs_links_hover_color":"","ocean_display_footer_widgets":"default","ocean_display_footer_bottom":"default","ocean_custom_footer_template":"","ocean_post_oembed":"","ocean_post_self_hosted_media":"","ocean_post_video_embed":"","ocean_link_format":"","ocean_link_format_target":"self","ocean_quote_format":"","ocean_quote_format_link":"post","ocean_gallery_link_images":"on","ocean_gallery_id":[],"footnotes":""},"categories":[27],"tags":[],"class_list":["post-11777","post","type-post","status-publish","format-standard","hentry","category-non-classe-fr","entry"],"aioseo_notices":[],"_links":{"self":[{"href":"https:\/\/enfantsdumonde.be\/test\/wp-json\/wp\/v2\/posts\/11777","targetHints":{"allow":["GET"]}}],"collection":[{"href":"https:\/\/enfantsdumonde.be\/test\/wp-json\/wp\/v2\/posts"}],"about":[{"href":"https:\/\/enfantsdumonde.be\/test\/wp-json\/wp\/v2\/types\/post"}],"author":[{"embeddable":true,"href":"https:\/\/enfantsdumonde.be\/test\/wp-json\/wp\/v2\/users\/5"}],"replies":[{"embeddable":true,"href":"https:\/\/enfantsdumonde.be\/test\/wp-json\/wp\/v2\/comments?post=11777"}],"version-history":[{"count":5,"href":"https:\/\/enfantsdumonde.be\/test\/wp-json\/wp\/v2\/posts\/11777\/revisions"}],"predecessor-version":[{"id":12067,"href":"https:\/\/enfantsdumonde.be\/test\/wp-json\/wp\/v2\/posts\/11777\/revisions\/12067"}],"wp:attachment":[{"href":"https:\/\/enfantsdumonde.be\/test\/wp-json\/wp\/v2\/media?parent=11777"}],"wp:term":[{"taxonomy":"category","embeddable":true,"href":"https:\/\/enfantsdumonde.be\/test\/wp-json\/wp\/v2\/categories?post=11777"},{"taxonomy":"post_tag","embeddable":true,"href":"https:\/\/enfantsdumonde.be\/test\/wp-json\/wp\/v2\/tags?post=11777"}],"curies":[{"name":"wp","href":"https:\/\/api.w.org\/{rel}","templated":true}]}}